{"id":5730,"date":"2020-09-15T08:42:01","date_gmt":"2020-09-15T06:42:01","guid":{"rendered":"https:\/\/unsuisseamallorca.com\/?p=5730"},"modified":"2020-09-15T08:46:39","modified_gmt":"2020-09-15T06:46:39","slug":"aout-2020","status":"publish","type":"post","link":"https:\/\/unsuisseamallorca.com\/index.php\/2020\/09\/15\/aout-2020\/","title":{"rendered":"AO\u00dbT 2020"},"content":{"rendered":"\t\t<div data-elementor-type=\"wp-post\" data-elementor-id=\"5730\" class=\"elementor elementor-5730\" data-elementor-post-type=\"post\">\n\t\t\t\t\t\t<section class=\"elementor-section elementor-top-section elementor-element elementor-element-1f41a2c0 elementor-section-height-full elementor-section-content-middle elementor-section-items-top elementor-section-boxed elementor-section-height-default\" data-id=\"1f41a2c0\" data-element_type=\"section\" data-settings=\"{&quot;background_background&quot;:&quot;classic&quot;}\">\n\t\t\t\t\t\t<div class=\"elementor-container elementor-column-gap-default\">\n\t\t\t\t\t<div class=\"elementor-column elementor-col-100 elementor-top-column elementor-element elementor-element-75947c5a\" data-id=\"75947c5a\" data-element_type=\"column\">\n\t\t\t<div class=\"elementor-widget-wrap elementor-element-populated\">\n\t\t\t\t\t\t<div class=\"elementor-element elementor-element-37ba3b7a elementor-widget elementor-widget-heading\" data-id=\"37ba3b7a\" data-element_type=\"widget\" data-widget_type=\"heading.default\">\n\t\t\t\t<div class=\"elementor-widget-container\">\n\t\t\t\t\t<h2 class=\"elementor-heading-title elementor-size-default\">En construction<\/h2>\t\t\t\t<\/div>\n\t\t\t\t<\/div>\n\t\t\t\t<div class=\"elementor-element elementor-element-3b9a9d14 elementor-widget elementor-widget-text-editor\" data-id=\"3b9a9d14\" data-element_type=\"widget\" data-widget_type=\"text-editor.default\">\n\t\t\t\t<div class=\"elementor-widget-container\">\n\t\t\t\t\t\t\t\t\t<p>J&rsquo;ai<span title=\"\"> quelques bizarreries \u00e0 corriger, mais je fais au plus vite. Merci de votre compr\u00e9hension et essayez une autre randonn\u00e9e.<\/span><\/p>\t\t\t\t\t\t\t\t<\/div>\n\t\t\t\t<\/div>\n\t\t\t\t\t<\/div>\n\t\t<\/div>\n\t\t\t\t\t<\/div>\n\t\t<\/section>\n\t\t\t\t<section class=\"elementor-section elementor-top-section elementor-element elementor-element-65a93c43 elementor-section-content-middle elementor-section-boxed elementor-section-height-default elementor-section-height-default\" data-id=\"65a93c43\" data-element_type=\"section\" data-settings=\"{&quot;background_background&quot;:&quot;classic&quot;}\">\n\t\t\t\t\t\t<div class=\"elementor-container elementor-column-gap-no\">\n\t\t\t\t\t<div class=\"elementor-column elementor-col-33 elementor-top-column elementor-element elementor-element-fdea9de\" data-id=\"fdea9de\" data-element_type=\"column\">\n\t\t\t<div class=\"elementor-widget-wrap elementor-element-populated\">\n\t\t\t\t\t\t<div class=\"elementor-element elementor-element-15dc16ba elementor-widget elementor-widget-text-editor\" data-id=\"15dc16ba\" data-element_type=\"widget\" data-widget_type=\"text-editor.default\">\n\t\t\t\t<div class=\"elementor-widget-container\">\n\t\t\t\t\t\t\t\t\t<p>Notre point de d\u00e9part<\/p>\t\t\t\t\t\t\t\t<\/div>\n\t\t\t\t<\/div>\n\t\t\t\t<div class=\"elementor-element elementor-element-6bfe766a elementor-widget elementor-widget-heading\" data-id=\"6bfe766a\" data-element_type=\"widget\" data-widget_type=\"heading.default\">\n\t\t\t\t<div class=\"elementor-widget-container\">\n\t\t\t\t\t<h3 class=\"elementor-heading-title elementor-size-default\">Cologna Sant Jordi<\/h3>\t\t\t\t<\/div>\n\t\t\t\t<\/div>\n\t\t\t\t<div class=\"elementor-element elementor-element-57d5464d elementor-widget elementor-widget-image\" data-id=\"57d5464d\" data-element_type=\"widget\" data-widget_type=\"image.default\">\n\t\t\t\t<div class=\"elementor-widget-container\">\n\t\t\t\t\t\t\t\t\t\t\t\t\t\t\t<img fetchpriority=\"high\" decoding=\"async\" width=\"300\" height=\"225\" src=\"https:\/\/unsuisseamallorca.com\/wp-content\/uploads\/2019\/03\/DJI_0349-300x225.jpg\" class=\"elementor-animation-grow attachment-medium size-medium wp-image-755\" alt=\"\" srcset=\"https:\/\/unsuisseamallorca.com\/wp-content\/uploads\/2019\/03\/DJI_0349-300x225.jpg 300w, https:\/\/unsuisseamallorca.com\/wp-content\/uploads\/2019\/03\/DJI_0349-768x576.jpg 768w, https:\/\/unsuisseamallorca.com\/wp-content\/uploads\/2019\/03\/DJI_0349-1024x768.jpg 1024w, https:\/\/unsuisseamallorca.com\/wp-content\/uploads\/2019\/03\/DJI_0349-e1552463327612.jpg 400w\" sizes=\"(max-width: 300px) 100vw, 300px\" \/>\t\t\t\t\t\t\t\t\t\t\t\t\t\t\t<\/div>\n\t\t\t\t<\/div>\n\t\t\t\t\t<\/div>\n\t\t<\/div>\n\t\t\t\t<div class=\"elementor-column elementor-col-33 elementor-top-column elementor-element elementor-element-d302cbe\" data-id=\"d302cbe\" data-element_type=\"column\">\n\t\t\t<div class=\"elementor-widget-wrap elementor-element-populated\">\n\t\t\t\t\t\t<div class=\"elementor-element elementor-element-32b39eb7 elementor-widget elementor-widget-image\" data-id=\"32b39eb7\" data-element_type=\"widget\" data-widget_type=\"image.default\">\n\t\t\t\t<div class=\"elementor-widget-container\">\n\t\t\t\t\t\t\t\t\t\t\t\t\t\t\t<img decoding=\"async\" width=\"300\" height=\"225\" data-src=\"https:\/\/unsuisseamallorca.com\/wp-content\/uploads\/2019\/03\/DJI_0222-300x225.jpg\" class=\"elementor-animation-grow attachment-medium size-medium wp-image-754 lazyload\" alt=\"\" data-srcset=\"https:\/\/unsuisseamallorca.com\/wp-content\/uploads\/2019\/03\/DJI_0222-300x225.jpg 300w, https:\/\/unsuisseamallorca.com\/wp-content\/uploads\/2019\/03\/DJI_0222-768x576.jpg 768w, https:\/\/unsuisseamallorca.com\/wp-content\/uploads\/2019\/03\/DJI_0222-1024x768.jpg 1024w, https:\/\/unsuisseamallorca.com\/wp-content\/uploads\/2019\/03\/DJI_0222.jpg 4000w\" data-sizes=\"(max-width: 300px) 100vw, 300px\" src=\"data:image\/svg+xml;base64,PHN2ZyB3aWR0aD0iMSIgaGVpZ2h0PSIxIiB4bWxucz0iaHR0cDovL3d3dy53My5vcmcvMjAwMC9zdmciPjwvc3ZnPg==\" style=\"--smush-placeholder-width: 300px; --smush-placeholder-aspect-ratio: 300\/225;\" \/>\t\t\t\t\t\t\t\t\t\t\t\t\t\t\t<\/div>\n\t\t\t\t<\/div>\n\t\t\t\t<div class=\"elementor-element elementor-element-23e94798 elementor-widget elementor-widget-text-editor\" data-id=\"23e94798\" data-element_type=\"widget\" data-widget_type=\"text-editor.default\">\n\t\t\t\t<div class=\"elementor-widget-container\">\n\t\t\t\t\t\t\t\t\t<p><strong>En fin de journ\u00e9e apr\u00e8s une petite marche dans le village nous profitons du phare et de la cala Galiota lors du couch\u00e9 de soleil.<\/strong><\/p>\t\t\t\t\t\t\t\t<\/div>\n\t\t\t\t<\/div>\n\t\t\t\t\t<\/div>\n\t\t<\/div>\n\t\t\t\t<div class=\"elementor-column elementor-col-33 elementor-top-column elementor-element elementor-element-65499f7b\" data-id=\"65499f7b\" data-element_type=\"column\">\n\t\t\t<div class=\"elementor-widget-wrap elementor-element-populated\">\n\t\t\t\t\t\t<div class=\"elementor-element elementor-element-70ce3a67 elementor-widget elementor-widget-image\" data-id=\"70ce3a67\" data-element_type=\"widget\" data-widget_type=\"image.default\">\n\t\t\t\t<div class=\"elementor-widget-container\">\n\t\t\t\t\t\t\t\t\t\t\t\t\t\t\t<img decoding=\"async\" width=\"300\" height=\"225\" data-src=\"https:\/\/unsuisseamallorca.com\/wp-content\/uploads\/2019\/03\/IMG_7820-300x225.jpg\" class=\"elementor-animation-grow attachment-medium size-medium wp-image-758 lazyload\" alt=\"\" data-srcset=\"https:\/\/unsuisseamallorca.com\/wp-content\/uploads\/2019\/03\/IMG_7820-300x225.jpg 300w, https:\/\/unsuisseamallorca.com\/wp-content\/uploads\/2019\/03\/IMG_7820-768x576.jpg 768w, https:\/\/unsuisseamallorca.com\/wp-content\/uploads\/2019\/03\/IMG_7820-1024x768.jpg 1024w, https:\/\/unsuisseamallorca.com\/wp-content\/uploads\/2019\/03\/IMG_7820.jpg 4032w\" data-sizes=\"(max-width: 300px) 100vw, 300px\" src=\"data:image\/svg+xml;base64,PHN2ZyB3aWR0aD0iMSIgaGVpZ2h0PSIxIiB4bWxucz0iaHR0cDovL3d3dy53My5vcmcvMjAwMC9zdmciPjwvc3ZnPg==\" style=\"--smush-placeholder-width: 300px; --smush-placeholder-aspect-ratio: 300\/225;\" \/>\t\t\t\t\t\t\t\t\t\t\t\t\t\t\t<\/div>\n\t\t\t\t<\/div>\n\t\t\t\t\t<\/div>\n\t\t<\/div>\n\t\t\t\t\t<\/div>\n\t\t<\/section>\n\t\t\t\t<\/div>\n\t\t","protected":false},"excerpt":{"rendered":"<p>En construction J&rsquo;ai quelques bizarreries \u00e0 corriger, mais je fais au plus vite. Merci de votre compr\u00e9hension et essayez une autre randonn\u00e9e. Notre point de d\u00e9part Cologna Sant Jordi En fin de journ\u00e9e apr\u00e8s une petite marche dans le village nous profitons du phare et de la cala Galiota lors du couch\u00e9 de soleil.<\/p>\n","protected":false},"author":1,"featured_media":0,"comment_status":"open","ping_status":"open","sticky":false,"template":"","format":"standard","meta":{"ocean_post_layout":"","ocean_both_sidebars_style":"","ocean_both_sidebars_content_width":0,"ocean_both_sidebars_sidebars_width":0,"ocean_sidebar":"0","ocean_second_sidebar":"0","ocean_disable_margins":"enable","ocean_add_body_class":"","ocean_shortcode_before_top_bar":"","ocean_shortcode_after_top_bar":"","ocean_shortcode_before_header":"","ocean_shortcode_after_header":"","ocean_has_shortcode":"","ocean_shortcode_after_title":"","ocean_shortcode_before_footer_widgets":"","ocean_shortcode_after_footer_widgets":"","ocean_shortcode_before_footer_bottom":"","ocean_shortcode_after_footer_bottom":"","ocean_display_top_bar":"default","ocean_display_header":"default","ocean_header_style":"","ocean_center_header_left_menu":"0","ocean_custom_header_template":"0","ocean_custom_logo":0,"ocean_custom_retina_logo":0,"ocean_custom_logo_max_width":0,"ocean_custom_logo_tablet_max_width":0,"ocean_custom_logo_mobile_max_width":0,"ocean_custom_logo_max_height":0,"ocean_custom_logo_tablet_max_height":0,"ocean_custom_logo_mobile_max_height":0,"ocean_header_custom_menu":"0","ocean_menu_typo_font_family":"0","ocean_menu_typo_font_subset":"","ocean_menu_typo_font_size":0,"ocean_menu_typo_font_size_tablet":0,"ocean_menu_typo_font_size_mobile":0,"ocean_menu_typo_font_size_unit":"px","ocean_menu_typo_font_weight":"","ocean_menu_typo_font_weight_tablet":"","ocean_menu_typo_font_weight_mobile":"","ocean_menu_typo_transform":"","ocean_menu_typo_transform_tablet":"","ocean_menu_typo_transform_mobile":"","ocean_menu_typo_line_height":0,"ocean_menu_typo_line_height_tablet":0,"ocean_menu_typo_line_height_mobile":0,"ocean_menu_typo_line_height_unit":"","ocean_menu_typo_spacing":0,"ocean_menu_typo_spacing_tablet":0,"ocean_menu_typo_spacing_mobile":0,"ocean_menu_typo_spacing_unit":"","ocean_menu_link_color":"","ocean_menu_link_color_hover":"","ocean_menu_link_color_active":"","ocean_menu_link_background":"","ocean_menu_link_hover_background":"","ocean_menu_link_active_background":"","ocean_menu_social_links_bg":"","ocean_menu_social_hover_links_bg":"","ocean_menu_social_links_color":"","ocean_menu_social_hover_links_color":"","ocean_disable_title":"default","ocean_disable_heading":"default","ocean_post_title":"","ocean_post_subheading":"","ocean_post_title_style":"","ocean_post_title_background_color":"","ocean_post_title_background":0,"ocean_post_title_bg_image_position":"","ocean_post_title_bg_image_attachment":"","ocean_post_title_bg_image_repeat":"","ocean_post_title_bg_image_size":"","ocean_post_title_height":0,"ocean_post_title_bg_overlay":0.5,"ocean_post_title_bg_overlay_color":"","ocean_disable_breadcrumbs":"default","ocean_breadcrumbs_color":"","ocean_breadcrumbs_separator_color":"","ocean_breadcrumbs_links_color":"","ocean_breadcrumbs_links_hover_color":"","ocean_display_footer_widgets":"default","ocean_display_footer_bottom":"default","ocean_custom_footer_template":"0","ocean_post_oembed":"","ocean_post_self_hosted_media":"","ocean_post_video_embed":"","ocean_link_format":"","ocean_link_format_target":"self","ocean_quote_format":"","ocean_quote_format_link":"post","ocean_gallery_link_images":"off","ocean_gallery_id":[],"footnotes":""},"categories":[1],"tags":[],"class_list":["post-5730","post","type-post","status-publish","format-standard","hentry","category-non-classe","entry"],"yoast_head":"<!-- This site is optimized with the Yoast SEO plugin v26.4 - https:\/\/yoast.com\/wordpress\/plugins\/seo\/ -->\n<title>AO\u00dbT 2020 UN SUISSE A MAJORQUE<\/title>\n<meta name=\"robots\" content=\"index, follow, max-snippet:-1, max-image-preview:large, max-video-preview:-1\" \/>\n<link rel=\"canonical\" href=\"https:\/\/unsuisseamallorca.com\/index.php\/2020\/09\/15\/aout-2020\/\" \/>\n<meta property=\"og:locale\" content=\"fr_FR\" \/>\n<meta property=\"og:type\" content=\"article\" \/>\n<meta property=\"og:title\" content=\"AO\u00dbT 2020 UN SUISSE A MAJORQUE\" \/>\n<meta property=\"og:description\" content=\"En construction J&rsquo;ai quelques bizarreries \u00e0 corriger, mais je fais au plus vite. Merci de votre compr\u00e9hension et essayez une autre randonn\u00e9e. Notre point de d\u00e9part Cologna Sant Jordi En fin de journ\u00e9e apr\u00e8s une petite marche dans le village nous profitons du phare et de la cala Galiota lors du couch\u00e9 de soleil.\" \/>\n<meta property=\"og:url\" content=\"https:\/\/unsuisseamallorca.com\/index.php\/2020\/09\/15\/aout-2020\/\" \/>\n<meta property=\"og:site_name\" content=\"UN SUISSE A MAJORQUE\" \/>\n<meta property=\"article:published_time\" content=\"2020-09-15T06:42:01+00:00\" \/>\n<meta property=\"article:modified_time\" content=\"2020-09-15T06:46:39+00:00\" \/>\n<meta property=\"og:image\" content=\"https:\/\/unsuisseamallorca.com\/wp-content\/uploads\/2019\/03\/DJI_0349-300x225.jpg\" \/>\n<meta name=\"author\" content=\"jaqumart\" \/>\n<meta name=\"twitter:card\" content=\"summary_large_image\" \/>\n<meta name=\"twitter:label1\" content=\"\u00c9crit par\" \/>\n\t<meta name=\"twitter:data1\" content=\"jaqumart\" \/>\n<script type=\"application\/ld+json\" class=\"yoast-schema-graph\">{\"@context\":\"https:\/\/schema.org\",\"@graph\":[{\"@type\":\"WebPage\",\"@id\":\"https:\/\/unsuisseamallorca.com\/index.php\/2020\/09\/15\/aout-2020\/\",\"url\":\"https:\/\/unsuisseamallorca.com\/index.php\/2020\/09\/15\/aout-2020\/\",\"name\":\"AO\u00dbT 2020 UN SUISSE A MAJORQUE\",\"isPartOf\":{\"@id\":\"https:\/\/unsuisseamallorca.com\/#website\"},\"primaryImageOfPage\":{\"@id\":\"https:\/\/unsuisseamallorca.com\/index.php\/2020\/09\/15\/aout-2020\/#primaryimage\"},\"image\":{\"@id\":\"https:\/\/unsuisseamallorca.com\/index.php\/2020\/09\/15\/aout-2020\/#primaryimage\"},\"thumbnailUrl\":\"https:\/\/unsuisseamallorca.com\/wp-content\/uploads\/2019\/03\/DJI_0349-300x225.jpg\",\"datePublished\":\"2020-09-15T06:42:01+00:00\",\"dateModified\":\"2020-09-15T06:46:39+00:00\",\"author\":{\"@id\":\"https:\/\/unsuisseamallorca.com\/#\/schema\/person\/4b6d9ad7f4cb60bfc0b970e3230bd4ee\"},\"breadcrumb\":{\"@id\":\"https:\/\/unsuisseamallorca.com\/index.php\/2020\/09\/15\/aout-2020\/#breadcrumb\"},\"inLanguage\":\"fr-FR\",\"potentialAction\":[{\"@type\":\"ReadAction\",\"target\":[\"https:\/\/unsuisseamallorca.com\/index.php\/2020\/09\/15\/aout-2020\/\"]}]},{\"@type\":\"ImageObject\",\"inLanguage\":\"fr-FR\",\"@id\":\"https:\/\/unsuisseamallorca.com\/index.php\/2020\/09\/15\/aout-2020\/#primaryimage\",\"url\":\"https:\/\/unsuisseamallorca.com\/wp-content\/uploads\/2019\/03\/DJI_0349-300x225.jpg\",\"contentUrl\":\"https:\/\/unsuisseamallorca.com\/wp-content\/uploads\/2019\/03\/DJI_0349-300x225.jpg\"},{\"@type\":\"BreadcrumbList\",\"@id\":\"https:\/\/unsuisseamallorca.com\/index.php\/2020\/09\/15\/aout-2020\/#breadcrumb\",\"itemListElement\":[{\"@type\":\"ListItem\",\"position\":1,\"name\":\"Accueil\",\"item\":\"https:\/\/unsuisseamallorca.com\/\"},{\"@type\":\"ListItem\",\"position\":2,\"name\":\"AO\u00dbT 2020\"}]},{\"@type\":\"WebSite\",\"@id\":\"https:\/\/unsuisseamallorca.com\/#website\",\"url\":\"https:\/\/unsuisseamallorca.com\/\",\"name\":\"UN SUISSE A MAJORQUE\",\"description\":\"Le voyageur voit ce qu&#039;il voit, le touriste voit ce qu&#039;il est venu voir !\",\"potentialAction\":[{\"@type\":\"SearchAction\",\"target\":{\"@type\":\"EntryPoint\",\"urlTemplate\":\"https:\/\/unsuisseamallorca.com\/?s={search_term_string}\"},\"query-input\":{\"@type\":\"PropertyValueSpecification\",\"valueRequired\":true,\"valueName\":\"search_term_string\"}}],\"inLanguage\":\"fr-FR\"},{\"@type\":\"Person\",\"@id\":\"https:\/\/unsuisseamallorca.com\/#\/schema\/person\/4b6d9ad7f4cb60bfc0b970e3230bd4ee\",\"name\":\"jaqumart\",\"image\":{\"@type\":\"ImageObject\",\"inLanguage\":\"fr-FR\",\"@id\":\"https:\/\/unsuisseamallorca.com\/#\/schema\/person\/image\/\",\"url\":\"https:\/\/secure.gravatar.com\/avatar\/b2a312432414c603623802015a32792d9d5faf46d1a4592633c21e14c70c07cd?s=96&d=mm&r=g\",\"contentUrl\":\"https:\/\/secure.gravatar.com\/avatar\/b2a312432414c603623802015a32792d9d5faf46d1a4592633c21e14c70c07cd?s=96&d=mm&r=g\",\"caption\":\"jaqumart\"},\"url\":\"https:\/\/unsuisseamallorca.com\/index.php\/author\/jaqumart\/\"}]}<\/script>\n<!-- \/ Yoast SEO plugin. -->","yoast_head_json":{"title":"AO\u00dbT 2020 UN SUISSE A MAJORQUE","robots":{"index":"index","follow":"follow","max-snippet":"max-snippet:-1","max-image-preview":"max-image-preview:large","max-video-preview":"max-video-preview:-1"},"canonical":"https:\/\/unsuisseamallorca.com\/index.php\/2020\/09\/15\/aout-2020\/","og_locale":"fr_FR","og_type":"article","og_title":"AO\u00dbT 2020 UN SUISSE A MAJORQUE","og_description":"En construction J&rsquo;ai quelques bizarreries \u00e0 corriger, mais je fais au plus vite. Merci de votre compr\u00e9hension et essayez une autre randonn\u00e9e. Notre point de d\u00e9part Cologna Sant Jordi En fin de journ\u00e9e apr\u00e8s une petite marche dans le village nous profitons du phare et de la cala Galiota lors du couch\u00e9 de soleil.","og_url":"https:\/\/unsuisseamallorca.com\/index.php\/2020\/09\/15\/aout-2020\/","og_site_name":"UN SUISSE A MAJORQUE","article_published_time":"2020-09-15T06:42:01+00:00","article_modified_time":"2020-09-15T06:46:39+00:00","og_image":[{"url":"https:\/\/unsuisseamallorca.com\/wp-content\/uploads\/2019\/03\/DJI_0349-300x225.jpg","type":"","width":"","height":""}],"author":"jaqumart","twitter_card":"summary_large_image","twitter_misc":{"\u00c9crit par":"jaqumart"},"schema":{"@context":"https:\/\/schema.org","@graph":[{"@type":"WebPage","@id":"https:\/\/unsuisseamallorca.com\/index.php\/2020\/09\/15\/aout-2020\/","url":"https:\/\/unsuisseamallorca.com\/index.php\/2020\/09\/15\/aout-2020\/","name":"AO\u00dbT 2020 UN SUISSE A MAJORQUE","isPartOf":{"@id":"https:\/\/unsuisseamallorca.com\/#website"},"primaryImageOfPage":{"@id":"https:\/\/unsuisseamallorca.com\/index.php\/2020\/09\/15\/aout-2020\/#primaryimage"},"image":{"@id":"https:\/\/unsuisseamallorca.com\/index.php\/2020\/09\/15\/aout-2020\/#primaryimage"},"thumbnailUrl":"https:\/\/unsuisseamallorca.com\/wp-content\/uploads\/2019\/03\/DJI_0349-300x225.jpg","datePublished":"2020-09-15T06:42:01+00:00","dateModified":"2020-09-15T06:46:39+00:00","author":{"@id":"https:\/\/unsuisseamallorca.com\/#\/schema\/person\/4b6d9ad7f4cb60bfc0b970e3230bd4ee"},"breadcrumb":{"@id":"https:\/\/unsuisseamallorca.com\/index.php\/2020\/09\/15\/aout-2020\/#breadcrumb"},"inLanguage":"fr-FR","potentialAction":[{"@type":"ReadAction","target":["https:\/\/unsuisseamallorca.com\/index.php\/2020\/09\/15\/aout-2020\/"]}]},{"@type":"ImageObject","inLanguage":"fr-FR","@id":"https:\/\/unsuisseamallorca.com\/index.php\/2020\/09\/15\/aout-2020\/#primaryimage","url":"https:\/\/unsuisseamallorca.com\/wp-content\/uploads\/2019\/03\/DJI_0349-300x225.jpg","contentUrl":"https:\/\/unsuisseamallorca.com\/wp-content\/uploads\/2019\/03\/DJI_0349-300x225.jpg"},{"@type":"BreadcrumbList","@id":"https:\/\/unsuisseamallorca.com\/index.php\/2020\/09\/15\/aout-2020\/#breadcrumb","itemListElement":[{"@type":"ListItem","position":1,"name":"Accueil","item":"https:\/\/unsuisseamallorca.com\/"},{"@type":"ListItem","position":2,"name":"AO\u00dbT 2020"}]},{"@type":"WebSite","@id":"https:\/\/unsuisseamallorca.com\/#website","url":"https:\/\/unsuisseamallorca.com\/","name":"UN SUISSE A MAJORQUE","description":"Le voyageur voit ce qu&#039;il voit, le touriste voit ce qu&#039;il est venu voir !","potentialAction":[{"@type":"SearchAction","target":{"@type":"EntryPoint","urlTemplate":"https:\/\/unsuisseamallorca.com\/?s={search_term_string}"},"query-input":{"@type":"PropertyValueSpecification","valueRequired":true,"valueName":"search_term_string"}}],"inLanguage":"fr-FR"},{"@type":"Person","@id":"https:\/\/unsuisseamallorca.com\/#\/schema\/person\/4b6d9ad7f4cb60bfc0b970e3230bd4ee","name":"jaqumart","image":{"@type":"ImageObject","inLanguage":"fr-FR","@id":"https:\/\/unsuisseamallorca.com\/#\/schema\/person\/image\/","url":"https:\/\/secure.gravatar.com\/avatar\/b2a312432414c603623802015a32792d9d5faf46d1a4592633c21e14c70c07cd?s=96&d=mm&r=g","contentUrl":"https:\/\/secure.gravatar.com\/avatar\/b2a312432414c603623802015a32792d9d5faf46d1a4592633c21e14c70c07cd?s=96&d=mm&r=g","caption":"jaqumart"},"url":"https:\/\/unsuisseamallorca.com\/index.php\/author\/jaqumart\/"}]}},"_links":{"self":[{"href":"https:\/\/unsuisseamallorca.com\/index.php\/wp-json\/wp\/v2\/posts\/5730","targetHints":{"allow":["GET"]}}],"collection":[{"href":"https:\/\/unsuisseamallorca.com\/index.php\/wp-json\/wp\/v2\/posts"}],"about":[{"href":"https:\/\/unsuisseamallorca.com\/index.php\/wp-json\/wp\/v2\/types\/post"}],"author":[{"embeddable":true,"href":"https:\/\/unsuisseamallorca.com\/index.php\/wp-json\/wp\/v2\/users\/1"}],"replies":[{"embeddable":true,"href":"https:\/\/unsuisseamallorca.com\/index.php\/wp-json\/wp\/v2\/comments?post=5730"}],"version-history":[{"count":2,"href":"https:\/\/unsuisseamallorca.com\/index.php\/wp-json\/wp\/v2\/posts\/5730\/revisions"}],"predecessor-version":[{"id":5744,"href":"https:\/\/unsuisseamallorca.com\/index.php\/wp-json\/wp\/v2\/posts\/5730\/revisions\/5744"}],"wp:attachment":[{"href":"https:\/\/unsuisseamallorca.com\/index.php\/wp-json\/wp\/v2\/media?parent=5730"}],"wp:term":[{"taxonomy":"category","embeddable":true,"href":"https:\/\/unsuisseamallorca.com\/index.php\/wp-json\/wp\/v2\/categories?post=5730"},{"taxonomy":"post_tag","embeddable":true,"href":"https:\/\/unsuisseamallorca.com\/index.php\/wp-json\/wp\/v2\/tags?post=5730"}],"curies":[{"name":"wp","href":"https:\/\/api.w.org\/{rel}","templated":true}]}}