{"id":27147,"date":"2024-10-19T15:49:31","date_gmt":"2024-10-19T13:49:31","guid":{"rendered":"https:\/\/unsuisseamallorca.com\/?p=27147"},"modified":"2024-11-20T16:28:34","modified_gmt":"2024-11-20T15:28:34","slug":"aout-2024","status":"publish","type":"post","link":"https:\/\/unsuisseamallorca.com\/index.php\/2024\/10\/19\/aout-2024\/","title":{"rendered":"AO\u00dbT 2024"},"content":{"rendered":"\t\t<div data-elementor-type=\"wp-post\" data-elementor-id=\"27147\" class=\"elementor elementor-27147\" data-elementor-post-type=\"post\">\n\t\t\t\t\t\t<section class=\"elementor-section elementor-top-section elementor-element elementor-element-572e5a49 elementor-section-content-middle elementor-section-full_width elementor-section-height-default elementor-section-height-default\" data-id=\"572e5a49\" data-element_type=\"section\" data-settings=\"{&quot;background_background&quot;:&quot;classic&quot;}\">\n\t\t\t\t\t\t<div class=\"elementor-container elementor-column-gap-no\">\n\t\t\t\t\t<div class=\"elementor-column elementor-col-25 elementor-top-column elementor-element elementor-element-57b0a6d\" data-id=\"57b0a6d\" data-element_type=\"column\">\n\t\t\t<div class=\"elementor-widget-wrap elementor-element-populated\">\n\t\t\t\t\t\t<div class=\"elementor-element elementor-element-28e4681 elementor-widget elementor-widget-text-editor\" data-id=\"28e4681\" data-element_type=\"widget\" data-widget_type=\"text-editor.default\">\n\t\t\t\t<div class=\"elementor-widget-container\">\n\t\t\t\t\t\t\t\t\t<h5 style=\"text-align: center;\">La marche ne consiste pas \u00e0 gagner du temps mais \u00e0 le perdre avec \u00e9l\u00e9gance. D. Le Breton<\/h5>\t\t\t\t\t\t\t\t<\/div>\n\t\t\t\t<\/div>\n\t\t\t\t<div class=\"elementor-element elementor-element-45383fa9 elementor-widget elementor-widget-heading\" data-id=\"45383fa9\" data-element_type=\"widget\" data-widget_type=\"heading.default\">\n\t\t\t\t<div class=\"elementor-widget-container\">\n\t\t\t\t\t<h3 class=\"elementor-heading-title elementor-size-default\">De Colonia Sant Jordi<\/h3>\t\t\t\t<\/div>\n\t\t\t\t<\/div>\n\t\t\t\t<div class=\"elementor-element elementor-element-3b9419a elementor-widget elementor-widget-image\" data-id=\"3b9419a\" data-element_type=\"widget\" data-widget_type=\"image.default\">\n\t\t\t\t<div class=\"elementor-widget-container\">\n\t\t\t\t\t\t\t\t\t\t\t\t<figure class=\"wp-caption\">\n\t\t\t\t\t\t\t\t\t\t<img fetchpriority=\"high\" decoding=\"async\" width=\"300\" height=\"184\" src=\"https:\/\/unsuisseamallorca.com\/wp-content\/uploads\/2024\/10\/playa-formentor-300x184.webp\" class=\"elementor-animation-grow attachment-medium size-medium wp-image-27508\" alt=\"\" srcset=\"https:\/\/unsuisseamallorca.com\/wp-content\/uploads\/2024\/10\/playa-formentor-300x184.webp 300w, https:\/\/unsuisseamallorca.com\/wp-content\/uploads\/2024\/10\/playa-formentor-768x470.webp 768w, https:\/\/unsuisseamallorca.com\/wp-content\/uploads\/2024\/10\/playa-formentor.webp 784w\" sizes=\"(max-width: 300px) 100vw, 300px\" \/>\t\t\t\t\t\t\t\t\t\t\t<figcaption class=\"widget-image-caption wp-caption-text\"><\/figcaption>\n\t\t\t\t\t\t\t\t\t\t<\/figure>\n\t\t\t\t\t\t\t\t\t<\/div>\n\t\t\t\t<\/div>\n\t\t\t\t<div class=\"elementor-element elementor-element-63cc850 elementor-widget elementor-widget-image\" data-id=\"63cc850\" data-element_type=\"widget\" data-widget_type=\"image.default\">\n\t\t\t\t<div class=\"elementor-widget-container\">\n\t\t\t\t\t\t\t\t\t\t\t\t<figure class=\"wp-caption\">\n\t\t\t\t\t\t\t\t\t\t<img decoding=\"async\" width=\"225\" height=\"300\" data-src=\"https:\/\/unsuisseamallorca.com\/wp-content\/uploads\/2024\/10\/IMG_4894-225x300.jpg\" class=\"elementor-animation-grow attachment-medium size-medium wp-image-27504 lazyload\" alt=\"\" data-srcset=\"https:\/\/unsuisseamallorca.com\/wp-content\/uploads\/2024\/10\/IMG_4894-225x300.jpg 225w, https:\/\/unsuisseamallorca.com\/wp-content\/uploads\/2024\/10\/IMG_4894-768x1024.jpg 768w, https:\/\/unsuisseamallorca.com\/wp-content\/uploads\/2024\/10\/IMG_4894-1152x1536.jpg 1152w, https:\/\/unsuisseamallorca.com\/wp-content\/uploads\/2024\/10\/IMG_4894-scaled.jpg 1536w\" data-sizes=\"(max-width: 225px) 100vw, 225px\" src=\"data:image\/svg+xml;base64,PHN2ZyB3aWR0aD0iMSIgaGVpZ2h0PSIxIiB4bWxucz0iaHR0cDovL3d3dy53My5vcmcvMjAwMC9zdmciPjwvc3ZnPg==\" style=\"--smush-placeholder-width: 225px; --smush-placeholder-aspect-ratio: 225\/300;\" \/>\t\t\t\t\t\t\t\t\t\t\t<figcaption class=\"widget-image-caption wp-caption-text\"><\/figcaption>\n\t\t\t\t\t\t\t\t\t\t<\/figure>\n\t\t\t\t\t\t\t\t\t<\/div>\n\t\t\t\t<\/div>\n\t\t\t\t<div class=\"elementor-element elementor-element-e02850e elementor-widget elementor-widget-image\" data-id=\"e02850e\" data-element_type=\"widget\" data-widget_type=\"image.default\">\n\t\t\t\t<div class=\"elementor-widget-container\">\n\t\t\t\t\t\t\t\t\t\t\t\t<figure class=\"wp-caption\">\n\t\t\t\t\t\t\t\t\t\t<img decoding=\"async\" width=\"300\" height=\"200\" data-src=\"https:\/\/unsuisseamallorca.com\/wp-content\/uploads\/2024\/10\/agroturismo-oliver-moragues-300x200.webp\" class=\"elementor-animation-grow attachment-medium size-medium wp-image-27494 lazyload\" alt=\"\" data-srcset=\"https:\/\/unsuisseamallorca.com\/wp-content\/uploads\/2024\/10\/agroturismo-oliver-moragues-300x200.webp 300w, https:\/\/unsuisseamallorca.com\/wp-content\/uploads\/2024\/10\/agroturismo-oliver-moragues.webp 600w\" data-sizes=\"(max-width: 300px) 100vw, 300px\" src=\"data:image\/svg+xml;base64,PHN2ZyB3aWR0aD0iMSIgaGVpZ2h0PSIxIiB4bWxucz0iaHR0cDovL3d3dy53My5vcmcvMjAwMC9zdmciPjwvc3ZnPg==\" style=\"--smush-placeholder-width: 300px; --smush-placeholder-aspect-ratio: 300\/200;\" \/>\t\t\t\t\t\t\t\t\t\t\t<figcaption class=\"widget-image-caption wp-caption-text\"><\/figcaption>\n\t\t\t\t\t\t\t\t\t\t<\/figure>\n\t\t\t\t\t\t\t\t\t<\/div>\n\t\t\t\t<\/div>\n\t\t\t\t<div class=\"elementor-element elementor-element-852314a elementor-widget elementor-widget-image\" data-id=\"852314a\" data-element_type=\"widget\" data-widget_type=\"image.default\">\n\t\t\t\t<div class=\"elementor-widget-container\">\n\t\t\t\t\t\t\t\t\t\t\t\t<figure class=\"wp-caption\">\n\t\t\t\t\t\t\t\t\t\t<img decoding=\"async\" width=\"300\" height=\"225\" data-src=\"https:\/\/unsuisseamallorca.com\/wp-content\/uploads\/2024\/10\/DSCN2030-300x225.jpg\" class=\"elementor-animation-grow attachment-medium size-medium wp-image-27499 lazyload\" alt=\"\" data-srcset=\"https:\/\/unsuisseamallorca.com\/wp-content\/uploads\/2024\/10\/DSCN2030-300x225.jpg 300w, https:\/\/unsuisseamallorca.com\/wp-content\/uploads\/2024\/10\/DSCN2030-1024x768.jpg 1024w, https:\/\/unsuisseamallorca.com\/wp-content\/uploads\/2024\/10\/DSCN2030-768x576.jpg 768w, https:\/\/unsuisseamallorca.com\/wp-content\/uploads\/2024\/10\/DSCN2030-1536x1152.jpg 1536w, https:\/\/unsuisseamallorca.com\/wp-content\/uploads\/2024\/10\/DSCN2030-scaled.jpg 2048w\" data-sizes=\"(max-width: 300px) 100vw, 300px\" src=\"data:image\/svg+xml;base64,PHN2ZyB3aWR0aD0iMSIgaGVpZ2h0PSIxIiB4bWxucz0iaHR0cDovL3d3dy53My5vcmcvMjAwMC9zdmciPjwvc3ZnPg==\" style=\"--smush-placeholder-width: 300px; --smush-placeholder-aspect-ratio: 300\/225;\" \/>\t\t\t\t\t\t\t\t\t\t\t<figcaption class=\"widget-image-caption wp-caption-text\"><\/figcaption>\n\t\t\t\t\t\t\t\t\t\t<\/figure>\n\t\t\t\t\t\t\t\t\t<\/div>\n\t\t\t\t<\/div>\n\t\t\t\t<div class=\"elementor-element elementor-element-d297705 elementor-widget elementor-widget-image\" data-id=\"d297705\" data-element_type=\"widget\" data-widget_type=\"image.default\">\n\t\t\t\t<div class=\"elementor-widget-container\">\n\t\t\t\t\t\t\t\t\t\t\t\t<figure class=\"wp-caption\">\n\t\t\t\t\t\t\t\t\t\t<img decoding=\"async\" width=\"300\" height=\"200\" data-src=\"https:\/\/unsuisseamallorca.com\/wp-content\/uploads\/2024\/10\/danse-cossiers-montuiri-300x200.webp\" class=\"elementor-animation-grow attachment-medium size-medium wp-image-27497 lazyload\" alt=\"\" data-srcset=\"https:\/\/unsuisseamallorca.com\/wp-content\/uploads\/2024\/10\/danse-cossiers-montuiri-300x200.webp 300w, https:\/\/unsuisseamallorca.com\/wp-content\/uploads\/2024\/10\/danse-cossiers-montuiri.webp 600w\" data-sizes=\"(max-width: 300px) 100vw, 300px\" src=\"data:image\/svg+xml;base64,PHN2ZyB3aWR0aD0iMSIgaGVpZ2h0PSIxIiB4bWxucz0iaHR0cDovL3d3dy53My5vcmcvMjAwMC9zdmciPjwvc3ZnPg==\" style=\"--smush-placeholder-width: 300px; --smush-placeholder-aspect-ratio: 300\/200;\" \/>\t\t\t\t\t\t\t\t\t\t\t<figcaption class=\"widget-image-caption wp-caption-text\"><\/figcaption>\n\t\t\t\t\t\t\t\t\t\t<\/figure>\n\t\t\t\t\t\t\t\t\t<\/div>\n\t\t\t\t<\/div>\n\t\t\t\t<div class=\"elementor-element elementor-element-edd8643 elementor-widget elementor-widget-image\" data-id=\"edd8643\" data-element_type=\"widget\" data-widget_type=\"image.default\">\n\t\t\t\t<div class=\"elementor-widget-container\">\n\t\t\t\t\t\t\t\t\t\t\t\t<figure class=\"wp-caption\">\n\t\t\t\t\t\t\t\t\t\t<img decoding=\"async\" width=\"300\" height=\"200\" data-src=\"https:\/\/unsuisseamallorca.com\/wp-content\/uploads\/2024\/10\/guell-a-lluc-peu-300x200.webp\" class=\"elementor-animation-grow attachment-medium size-medium wp-image-27503 lazyload\" alt=\"\" data-srcset=\"https:\/\/unsuisseamallorca.com\/wp-content\/uploads\/2024\/10\/guell-a-lluc-peu-300x200.webp 300w, https:\/\/unsuisseamallorca.com\/wp-content\/uploads\/2024\/10\/guell-a-lluc-peu.webp 600w\" data-sizes=\"(max-width: 300px) 100vw, 300px\" src=\"data:image\/svg+xml;base64,PHN2ZyB3aWR0aD0iMSIgaGVpZ2h0PSIxIiB4bWxucz0iaHR0cDovL3d3dy53My5vcmcvMjAwMC9zdmciPjwvc3ZnPg==\" style=\"--smush-placeholder-width: 300px; --smush-placeholder-aspect-ratio: 300\/200;\" \/>\t\t\t\t\t\t\t\t\t\t\t<figcaption class=\"widget-image-caption wp-caption-text\"><\/figcaption>\n\t\t\t\t\t\t\t\t\t\t<\/figure>\n\t\t\t\t\t\t\t\t\t<\/div>\n\t\t\t\t<\/div>\n\t\t\t\t\t<\/div>\n\t\t<\/div>\n\t\t\t\t<div class=\"elementor-column elementor-col-50 elementor-top-column elementor-element elementor-element-4fce590b\" data-id=\"4fce590b\" data-element_type=\"column\">\n\t\t\t<div class=\"elementor-widget-wrap elementor-element-populated\">\n\t\t\t\t\t\t<div class=\"elementor-element elementor-element-66a063b2 elementor-widget elementor-widget-image\" data-id=\"66a063b2\" data-element_type=\"widget\" data-widget_type=\"image.default\">\n\t\t\t\t<div class=\"elementor-widget-container\">\n\t\t\t\t\t\t\t\t\t\t\t\t<figure class=\"wp-caption\">\n\t\t\t\t\t\t\t\t\t\t<img decoding=\"async\" width=\"300\" height=\"225\" data-src=\"https:\/\/unsuisseamallorca.com\/wp-content\/uploads\/2024\/10\/IMG_1861-300x225.jpg\" class=\"elementor-animation-grow attachment-medium size-medium wp-image-27163 lazyload\" alt=\"\" data-srcset=\"https:\/\/unsuisseamallorca.com\/wp-content\/uploads\/2024\/10\/IMG_1861-300x225.jpg 300w, https:\/\/unsuisseamallorca.com\/wp-content\/uploads\/2024\/10\/IMG_1861-1024x768.jpg 1024w, https:\/\/unsuisseamallorca.com\/wp-content\/uploads\/2024\/10\/IMG_1861-768x576.jpg 768w, https:\/\/unsuisseamallorca.com\/wp-content\/uploads\/2024\/10\/IMG_1861-1536x1152.jpg 1536w, https:\/\/unsuisseamallorca.com\/wp-content\/uploads\/2024\/10\/IMG_1861-scaled.jpg 2048w\" data-sizes=\"(max-width: 300px) 100vw, 300px\" src=\"data:image\/svg+xml;base64,PHN2ZyB3aWR0aD0iMSIgaGVpZ2h0PSIxIiB4bWxucz0iaHR0cDovL3d3dy53My5vcmcvMjAwMC9zdmciPjwvc3ZnPg==\" style=\"--smush-placeholder-width: 300px; --smush-placeholder-aspect-ratio: 300\/225;\" \/>\t\t\t\t\t\t\t\t\t\t\t<figcaption class=\"widget-image-caption wp-caption-text\"><\/figcaption>\n\t\t\t\t\t\t\t\t\t\t<\/figure>\n\t\t\t\t\t\t\t\t\t<\/div>\n\t\t\t\t<\/div>\n\t\t\t\t<div class=\"elementor-element elementor-element-ebe710c elementor-widget elementor-widget-text-editor\" data-id=\"ebe710c\" data-element_type=\"widget\" data-widget_type=\"text-editor.default\">\n\t\t\t\t<div class=\"elementor-widget-container\">\n\t\t\t\t\t\t\t\t\t<h2 class=\"entry-sub-title\">Au c\u0153ur de l&rsquo;\u00e9t\u00e9, Majorque devrait r\u00e9sonner uniquement des sons et des couleurs de cette saison tant attendue tout au long de l&rsquo;ann\u00e9e.<\/h2>\nCependant, actuellement, elle tremble aussi sous les voix des majorquins, qui, comme une grande partie des habitants des r\u00e9gions fortement touristiques du monde entier, traversent des moments \u00e9prouvants face \u00e0 l&rsquo;afflux massif de visiteurs.\n\nPeut-\u00eatre vous demandez vous si vous \u00eates toujours les bienvenus? Touristes respectueux, curieux, bienveillants, vous \u00eates non seulement les bienvenus, mais aussi essentiels.\n\nCependant, il est \u00e9galement temps de r\u00e9\u00e9valuer les attentes qui sont les v\u00f4tres et celles des majorquins.\n\nMalheureusement certains pr\u00e9f\u00e8rent continuer comme si de rien n&rsquo;\u00e9tait et se voiler la face, mais nous sommes \u00e0 un tournant d\u00e9cisif face au mouvement contre le tourisme de masse, et Majorque doit se pr\u00e9parer \u00e0 relever ce d\u00e9fi en r\u00e9inventant son mod\u00e8le touristique.\n\nNous aspirons \u00e0 un \u00e9quilibre harmonieux entre r\u00e9sidents et visiteurs, o\u00f9 chacun peut coexister respectueusement en pr\u00e9servant la vie quotidienne des habitants et les \u00e9cosyst\u00e8mes fragiles de Majorque. Majorque est pr\u00e9cieuse, et en prenant soin de cette \u00eele magnifique, nous garantissons un avenir meilleur pour tous. Continuons \u00e0 savourer la beaut\u00e9 de Majorque tout en la prot\u00e9geant pour les g\u00e9n\u00e9rations futures.\n\nLe\u00a0<strong>tourisme responsable<\/strong>\u00a0repose sur\u00a0trois piliers principaux:\u00a0<strong>le respect de l&rsquo;environnement, la contribution \u00e0 l&rsquo;\u00e9conomie locale, et le respect des cultures et de la population locale<\/strong>.<br><br>\n\n\n<strong>Que faire \u00e0 Majorque en ao\u00fbt<\/strong><br>\nProfitez de l\u2019eau et ses effets apaisants\n\n.\nLes paysages marins et l\u2019eau sont connus pour calmer et tranquilliser. Le bleu, dans toutes ses nuances, procure un effet de d\u00e9tente. Si vous \u00eates venus passer vos vacances d\u2019\u00e9t\u00e9 \u00e0 Majorque, c\u2019est s\u00fbrement une de vos motivations premi\u00e8res !\n<h4>Les plages ombrag\u00e9es<\/h4>\nM\u00eame si la farandole de parasols multicolores a un certain charme, se rendre au c\u0153ur de la chaleur estivale sur une plage ombrag\u00e9e est un vrai plaisir. En voici quelques-unes.\n<ul class=\"wp-block-list\">\n \t<li style=\"list-style-type: none;\">\n<ul class=\"wp-block-list\">\n \t<li style=\"list-style-type: none;\">\n<ul class=\"wp-block-list\">\n \t<li><strong>Al Canada<\/strong><\/li>\n<\/ul>\n<\/li>\n<\/ul>\n<\/li>\n<\/ul>\nUne jolie plage\u00a0plus appr\u00e9ci\u00e9e par les locaux que par les touristes, elle s\u2019\u00e9tend depuis le village du m\u00eame nom jusqu\u2019au cap en face d\u2019une petite \u00eele o\u00f9 tr\u00f4ne un joli phare.\n<div id=\"google_ads_iframe_\/1254144,22739307553\/piafmajorque_es-medrectangle-3_0__container__\"><\/div>\n<ul class=\"wp-block-list\">\n \t<li style=\"list-style-type: none;\">\n<ul class=\"wp-block-list\">\n \t<li style=\"list-style-type: none;\">\n<ul class=\"wp-block-list\">\n \t<li><strong>Les Calas de Portals Vells<\/strong><\/li>\n<\/ul>\n<\/li>\n<\/ul>\n<\/li>\n<\/ul>\n\u00c0 privil\u00e9gier en semaine, car proches de Palma et entour\u00e9es d\u2019urbanisation, elles sont bond\u00e9es le week-end. La pin\u00e8de et les grottes alentour apportent beaucoup de fra\u00eecheur\n<ul class=\"wp-block-list\">\n \t<li style=\"list-style-type: none;\">\n<ul class=\"wp-block-list\">\n \t<li style=\"list-style-type: none;\">\n<ul class=\"wp-block-list\">\n \t<li><strong>Cala Falc\u00f3<\/strong><\/li>\n<\/ul>\n<\/li>\n<\/ul>\n<\/li>\n<\/ul>\nNon loin de Palmanova, cette petite crique dispose de toutes les commodit\u00e9s et m\u00eame d\u2019un bar de plage.\n<ul class=\"wp-block-list\">\n \t<li style=\"list-style-type: none;\">\n<ul class=\"wp-block-list\">\n \t<li style=\"list-style-type: none;\">\n<ul class=\"wp-block-list\">\n \t<li><strong>Cala des Monjo<\/strong><\/li>\n<\/ul>\n<\/li>\n<\/ul>\n<\/li>\n<\/ul>\nUne crique qui se m\u00e9rite car il faut marcher environ 15 mn pour l\u2019atteindre. plage de galets aux eaux cristallines, elle est entour\u00e9e d\u2019une pin\u00e8de o\u00f9 vous pourrez fuir les rayons mordants du soleil. Elle est accessible depuis Cala Fornells \u00e0 Paguera.\n\n<strong>L\u2019eau est tr\u00e8s chaude et les m\u00e9duses sont parfois de retour.<\/strong>\nUne id\u00e9e \u00e0 des prix plus que raisonnables, vous pourrez passer un apr\u00e8s-midi agr\u00e9able apr\u00e8s avoir visit\u00e9 un village ou fait une excursion matinale. Voici quelques piscines o\u00f9 pour quelques euros par personne vous pourrez poser votre serviette.\n<figure class=\"wp-block-image size-full\"><figcaption class=\"wp-element-caption\"><\/figcaption><\/figure>\n<ul class=\"wp-block-list\">\n \t<li style=\"list-style-type: none;\">\n<ul class=\"wp-block-list\">\n \t<li style=\"list-style-type: none;\">\n<ul class=\"wp-block-list\">\n \t<li>La piscine de\u00a0<strong>Can Picafort,\u00a0<\/strong>ouverte tous les jours de 8h \u00e0 21h<\/li>\n \t<li>La piscine de<strong>\u00a0Costitx<\/strong>, ouverte sans interruption les week-ends mais ferm\u00e9e de 14h \u00e0 16h en semaine<\/li>\n \t<li>La piscine de<strong>\u00a0B\u00fager<\/strong>, ouverte de\u00a0 8.00h \u00e0 20.00h du lundi au mercredi, de 8.00h \u00e0 22.30h du jeudi au samedi et de 8.00h \u00e0 17.00h le dimanche.<\/li>\n \t<li>La piscine de Can Arabi de\u00a0<strong>Binissalem<\/strong>, ouverte du jeudi au mardi de 10h30 \u00e0 23h et de 16h30 \u00e0 23h le mercredi<\/li>\n \t<li>La piscine du<strong>\u00a0monast\u00e8re de Lluc<\/strong>, ouverte tout l\u2019\u00e9t\u00e9 de 10h00 \u00e0 16h00<\/li>\n<\/ul>\n<\/li>\n<\/ul>\n<\/li>\n<\/ul>\n<h3 class=\"wp-block-heading\">Et pour une pause fraicheur a l&rsquo;abri du soleil<\/h3>\nAlterner une journ\u00e9e plage avec une journ\u00e9e o\u00f9 vous pourrez retrouver la fra\u00eecheur d\u2019une \u00e9glise, d\u2019un mus\u00e9e ou d\u2019une grotte est une excellente option pour vos vacances.\n<ul class=\"wp-block-list\">\n \t<li style=\"list-style-type: none;\">\n<ul class=\"wp-block-list\">\n \t<li style=\"list-style-type: none;\">\n<ul class=\"wp-block-list\">\n \t<li>Majorque poss\u00e8de de nombreuses grottes sur tout son territoire. Les plus connues sont\u00a0<a href=\"https:\/\/piafmajorque.es\/guide-voyageur\/visites-et-incontournables\/grottes-drach-majorque\/\">les grottes del Drach,<\/a>\u00a0mais Genova et Campanet valent \u00e9galement une petite visite.<\/li>\n \t<li>En dehors des sentiers battus, quelques mus\u00e9es moins fr\u00e9quent\u00e9s vous permettront de combiner culture et air frais !<a title=\"\" href=\"https:\/\/piafmajorque.es\/guide-voyageur\/visites-et-incontournables\/musee-sa-bassa-blanca-joyau\/\">\u00a0La Fondation de Ben Jakober\u00a0<\/a>\u00e0 Alc\u00fadia ,<a href=\"https:\/\/piafmajorque.es\/guide-voyageur\/visites-et-incontournables\/musee-maritime-majorque\/\">\u00a0le mus\u00e9e maritime\u00a0<\/a>du Port de S\u00f3ller ou<a href=\"https:\/\/piafmajorque.es\/guide-voyageur\/visites-et-incontournables\/maison-robert-graves-majorque\/\">\u00a0la maison de Robert Graves\u00a0<\/a>\u00e0 Dei\u00e0.<\/li>\n \t<li>Et bien s\u00fbr \u00e9glises et monast\u00e8res sont de merveilleux refuges, nous vous conseillons<a href=\"https:\/\/piafmajorque.es\/guide-voyageur\/visites-et-incontournables\/le-monastere-de-lluc-a-majorque\/\">\u00a0le monast\u00e8re de Lluc\u00a0<\/a>nich\u00e9 dans les bois au pied de la Serra de Tramuntana et l\u2019originale<a href=\"https:\/\/piafmajorque.es\/guide-voyageur\/visites-et-incontournables\/arenal-iglesia-cristal\/\">\u00a0\u00e9glise de cristal\u00a0<\/a>\u00e0 El Arenal.<\/li>\n<\/ul>\n<\/li>\n<\/ul>\n<\/li>\n<\/ul>\n<h3 class=\"wp-block-heading\"><em>Admirez les \u00e9toiles filantes qui viennent illuminer le ciel majorquin au mois d\u2019ao\u00fbt ;\u00a0<strong>les pers\u00e9ides<\/strong>\u00a0apparaissent entre le 8 et le 15 ao\u00fbt, mais ce sont les nuits du 11 au 12 entre 1h et 4h du matin o\u00f9 elles sont le plus visibles. Choisissez un endroit sans pollution lumineuse pour en profiter.<\/h3><\/em>\n<h2 class=\"wp-block-heading\">De G\u00fcell \u00e0 Lluc \u00e0 pied<\/h2>\nLe\u00a0<strong>premier samedi du mois d&rsquo;ao\u00fbt \u00e0 Palma<\/strong>, les Majorquins participent \u00e0 une f\u00eate populaire n\u00e9e spontan\u00e9ment et qui est devenue une tradition au fil des ans. Il s&rsquo;agit d&rsquo;une marche nocturne\u00a0au cours de laquelle des milliers de personnes partent de la\u00a0Pla\u00e7a G\u00fcell de Palma\u00a0et marchent 48 kilom\u00e8tres pour atteindre\u00a0le monast\u00e8re du Lluc\u00a0\u00e0 l&rsquo;aube. Les organisateurs installent diff\u00e9rents points de ravitaillement dans les villages travers\u00e9s par les marcheurs. Une fois arriv\u00e9s au monast\u00e8re, ceux-ci re\u00e7oivent un dipl\u00f4me pour avoir accompli\u00a0la marche de Lluc \u00ab\u00a0a peu\u00a0\u00bb.<br><br>\n<h2 class=\"wp-block-heading\">Le F\u00eate des Maures et des Chr\u00e9tiens de Pollen\u00e7a<\/h2>\nChaque ann\u00e9e,\u00a0le 2 ao\u00fbt, les habitants de\u00a0Pollen\u00e7a\u00a0et le reste des Majorquins se transforment en Maures et en Chr\u00e9tiens pour recr\u00e9er la bataille \u00e9pique qui a eu lieu le 30 mai 1550. Une reconstitution historique que les villageois vivent avec la m\u00eame passion ann\u00e9e apr\u00e8s ann\u00e9e.\n\nCet \u00e9v\u00e9nement, appel\u00e9\u00a0<a href=\"https:\/\/piafmajorque.es\/actualite\/fete-patrona-pollenca\/\">f\u00eate de la patrona<\/a>\u00a0dure plusieurs jours, de fin juillet \u00e0 d\u00e9but ao\u00fbt. Mais c&rsquo;est le 2 ao\u00fbt, dernier jour des festivit\u00e9s, que la ville se transforme en\u00a0th\u00e9\u00e2tre \u00e0 ciel ouvert. Pendant quelques heures, l&rsquo;air de Pollen\u00e7a sent la poudre et le\u00a0<em>mesclat\u00a0<\/em>(boisson alcoolis\u00e9e) qui coule \u00e0 flots entre les hordes des deux camps oppos\u00e9s.\n\n\n<strong><br><br>Les foires nocturnes en ao\u00fbt \u00e0 Majorque<\/strong><br><br>\n\nLa Foire nocturne \u00e0 Sant Lloren\u00e7 se tient \u00e0\u00a0la gare\u00a0le\u00a0deuxi\u00e8me samedi du mois d&rsquo;ao\u00fbt \u00e0 partir de 20h. Cet \u00e9v\u00e9nement regroupe un march\u00e9 gastronomique et artisanal.<br>\nLa foire nocturne de Son Maci\u00e0 a lieu\u00a0le 14 ao\u00fbt. Il s&rsquo;agit d&rsquo;une foire traditionnelle qui tourne autour du b\u00e9tail et des produits agricoles et des iles Bal\u00e9ares. Il y a \u00e9galement un concours hippique.<br>\nLa Foire nocturne de SIllot est l&rsquo;une des foires nocturnes les plus amusantes qui soient. Elle propose des concerts, des d\u00eeners en plein air et des jeux d&rsquo;eau qui font le bonheur des petits et des grands. Sur le front de mer, vous y distinguerez des stands qui permettent d&rsquo;acheter des\u00a0produits locaux et gastronomiques.<br>\nLa Foire de Cala Mend\u00eda,  Manacor, qui organise de nombreuses foires et march\u00e9s \u00e0 Majorque pendant le mois d&rsquo;ao\u00fbt, c\u00e9l\u00e8bre \u00e9galement la foire de\u00a0Cala Mend\u00eda le 31 ao\u00fbt 2024. Pendant cette journ\u00e9e, plus de 100 stands de produits artisanaux et gastronomiques locaux sont install\u00e9s.<br><br>\n<h3>Foire de Sant Agusti a Felanitxx<\/h3>\nElle a lieu le\u00a0dernier dimanche d&rsquo;ao\u00fbt, cette ann\u00e9e. Il s&rsquo;agit d&rsquo;une journ\u00e9e fortement ax\u00e9e sur le monde de la gastronomie, o\u00f9 vous pourrez d\u00e9guster de nombreux produits locaux sur les stands des artisans.<br><br>\n<h3> Foire nocturne a Maria de la Salut <\/h3>\nUne f\u00eate qui a lieu\u00a0le 9 ao\u00fbt\u00a0autour de la c\u00e9l\u00e8bre tomate de Majorque qui s&rsquo;\u00e9tale sur le pain, la tom\u00e0tiga de ramallet.\u00a0Une f\u00eate qui regroupe \u00e9galement des artisans et de la gastronomie.<br><br>\n<h2> Les f\u00eates patronales et religieuses en ao\u00fbt \u00e0 Majorque<\/h2>\n<h3>Les f\u00eates de Sant Bartomeu le 24 ao\u00fbt<\/h3>\n<strong>S\u00f3ller<\/strong><\/li>\n<\/ul>\nf\u00eate Sant Bartomeu (Saint-Barth\u00e9lemy) , mais tout au long du mois,\u00a0la municipalit\u00e9 de S\u00f3ller\u00a0c\u00e9l\u00e8bre le culte de son saint patron avec diff\u00e9rentes activit\u00e9s r\u00e9cr\u00e9atives et expositions artistiques. Bien que les festivit\u00e9s s&rsquo;\u00e9talent sur plusieurs jours, le jour de la plus grande c\u00e9l\u00e9bration est le 24 ao\u00fbt avec la nuit du feu et une repr\u00e9sentation th\u00e9\u00e2trale de d\u00e9mons.\n<br><br><strong>Montu\u00efri<\/strong><\/li>\n<\/ul>\nL&rsquo;\u00e9v\u00e9nement le plus populaire de Sant Bartomeu \u00e0\u00a0Montu\u00efri\u00a0est la\u00a0danse des cossiers. Six personnages masculins, v\u00eatus de blanc, dansent autour d&rsquo;une dame qui coordonne la chor\u00e9graphie du groupe.<br><br>\n\n<strong>Alc\u00fadia<\/strong>\n\n\u00c0 l&rsquo;occasion de Sant Bartomeu, la ville d&rsquo;Alc\u00fadia organise la \u201cFesta de Les Llanternes\u201d, un des \u00e9v\u00e9nements annuels les plus connus de la ville. Le d\u00e9fil\u00e9 des lanternes, souvent fabriqu\u00e9es \u00e0 la main \u00e0 partir de melons \u00e9vid\u00e9s, est habituellement accompagn\u00e9 de chants.<br><br>\n<h3>L&rsquo;Assomption_de_Marie<\/h3>\nMajorque organise plusieurs f\u00eates religieuses tout au long de l&rsquo;ann\u00e9e.\u00a0Le 15 ao\u00fbt\u00a0est le jour de l&rsquo;Assomption, l&rsquo;une des f\u00eates les plus importantes. Le Consell de Mallorca publie un programme qui r\u00e9pertorie les\u00a0<strong>\u00e9glises de Palma et des villes de Majorque<\/strong>\u00a0que vous pouvez visiter en ce jour festif.\n<br><br><h3>La f\u00eate de Sant Roc<\/h3>\nLes f\u00eates patronales d&rsquo;Alar\u00f3\u00a0se d\u00e9roulent tout au long de\u00a0la semaine pr\u00e9c\u00e9dant le 16 ao\u00fbt.\nElles comm\u00e9morent l&rsquo;\u00e9radication de la peste gr\u00e2ce au miracle de saint Roc. Pendant une semaine, la ville b\u00e9n\u00e9ficie de nombreuses activit\u00e9s r\u00e9cr\u00e9atives et culturelles. Il y a m\u00eame un d\u00e9fil\u00e9 de chars et des courses de chevaux.<br>\n\nLa f\u00eate de Sant Roc est \u00e9galement c\u00e9l\u00e9br\u00e9e \u00e0 sa Alqueria Blanca, Cala Ratjada\u00a0et\u00a0Porreres.\n<br><br><strong>Festival de jazz de sa Pobla<\/strong><br>\nDepuis 30 ans, le\u00a0festival de jazz de sa Pobla\u00a0anime la ville en \u00e9t\u00e9. Cette ann\u00e9e 2024, il aura lieu du\u00a023 juillet au 22 ao\u00fbt. Du concert inaugural qui aura lieu sur la\u00a0Pla\u00e7a Major\u00a0en passant par le parc\u00a0Can Cirera Prim, faisant le le lien entre l&rsquo;environnement et la musique, et la cour du manoir\u00a0Can Verdal, les concerts de jazz occupent la ville et promettent une bonne ambiance estivale. L\u2019\u00e9dition 2024 accorde une place d\u2019int\u00e9r\u00eat aux femmes artistes, compositrices, instrumentistes, chanteuses et r\u00e9alisatrices, et contribue, dans sa mesure, \u00e0 r\u00e9tablir la mixit\u00e9 dans un art o\u00f9 les femmes sont encore trop sous-repr\u00e9sent\u00e9es.\t\t\t\t\t\t\t\t<\/div>\n\t\t\t\t<\/div>\n\t\t\t\t\t<\/div>\n\t\t<\/div>\n\t\t\t\t<div class=\"elementor-column elementor-col-25 elementor-top-column elementor-element elementor-element-604fd04f\" data-id=\"604fd04f\" data-element_type=\"column\">\n\t\t\t<div class=\"elementor-widget-wrap elementor-element-populated\">\n\t\t\t\t\t\t<div class=\"elementor-element elementor-element-1e25e31 elementor-widget elementor-widget-text-editor\" data-id=\"1e25e31\" data-element_type=\"widget\" data-widget_type=\"text-editor.default\">\n\t\t\t\t<div class=\"elementor-widget-container\">\n\t\t\t\t\t\t\t\t\t<h5 style=\"text-align: center;\">La marche ne consiste pas \u00e0 gagner du temps mais \u00e0 le perdre avec \u00e9l\u00e9gance. D. Le Breton<\/h5>\t\t\t\t\t\t\t\t<\/div>\n\t\t\t\t<\/div>\n\t\t\t\t<div class=\"elementor-element elementor-element-345164b elementor-widget elementor-widget-heading\" data-id=\"345164b\" data-element_type=\"widget\" data-widget_type=\"heading.default\">\n\t\t\t\t<div class=\"elementor-widget-container\">\n\t\t\t\t\t<h3 class=\"elementor-heading-title elementor-size-default\">De Colonia Sant Jordi<\/h3>\t\t\t\t<\/div>\n\t\t\t\t<\/div>\n\t\t\t\t<div class=\"elementor-element elementor-element-4526d5b elementor-widget elementor-widget-image\" data-id=\"4526d5b\" data-element_type=\"widget\" data-widget_type=\"image.default\">\n\t\t\t\t<div class=\"elementor-widget-container\">\n\t\t\t\t\t\t\t\t\t\t\t\t<figure class=\"wp-caption\">\n\t\t\t\t\t\t\t\t\t\t<img decoding=\"async\" width=\"300\" height=\"184\" data-src=\"https:\/\/unsuisseamallorca.com\/wp-content\/uploads\/2024\/10\/cala-falco-majorque-300x184.webp\" class=\"elementor-animation-grow attachment-medium size-medium wp-image-27495 lazyload\" alt=\"\" data-srcset=\"https:\/\/unsuisseamallorca.com\/wp-content\/uploads\/2024\/10\/cala-falco-majorque-300x184.webp 300w, https:\/\/unsuisseamallorca.com\/wp-content\/uploads\/2024\/10\/cala-falco-majorque-768x470.webp 768w, https:\/\/unsuisseamallorca.com\/wp-content\/uploads\/2024\/10\/cala-falco-majorque.webp 784w\" data-sizes=\"(max-width: 300px) 100vw, 300px\" src=\"data:image\/svg+xml;base64,PHN2ZyB3aWR0aD0iMSIgaGVpZ2h0PSIxIiB4bWxucz0iaHR0cDovL3d3dy53My5vcmcvMjAwMC9zdmciPjwvc3ZnPg==\" style=\"--smush-placeholder-width: 300px; --smush-placeholder-aspect-ratio: 300\/184;\" \/>\t\t\t\t\t\t\t\t\t\t\t<figcaption class=\"widget-image-caption wp-caption-text\"><\/figcaption>\n\t\t\t\t\t\t\t\t\t\t<\/figure>\n\t\t\t\t\t\t\t\t\t<\/div>\n\t\t\t\t<\/div>\n\t\t\t\t<div class=\"elementor-element elementor-element-945b038 elementor-widget elementor-widget-image\" data-id=\"945b038\" data-element_type=\"widget\" data-widget_type=\"image.default\">\n\t\t\t\t<div class=\"elementor-widget-container\">\n\t\t\t\t\t\t\t\t\t\t\t\t<figure class=\"wp-caption\">\n\t\t\t\t\t\t\t\t\t\t<img decoding=\"async\" width=\"225\" height=\"300\" data-src=\"https:\/\/unsuisseamallorca.com\/wp-content\/uploads\/2024\/10\/IMG_4901-225x300.jpg\" class=\"elementor-animation-grow attachment-medium size-medium wp-image-27505 lazyload\" alt=\"\" data-srcset=\"https:\/\/unsuisseamallorca.com\/wp-content\/uploads\/2024\/10\/IMG_4901-225x300.jpg 225w, https:\/\/unsuisseamallorca.com\/wp-content\/uploads\/2024\/10\/IMG_4901-768x1024.jpg 768w, https:\/\/unsuisseamallorca.com\/wp-content\/uploads\/2024\/10\/IMG_4901-1152x1536.jpg 1152w, https:\/\/unsuisseamallorca.com\/wp-content\/uploads\/2024\/10\/IMG_4901-scaled.jpg 1536w\" data-sizes=\"(max-width: 225px) 100vw, 225px\" src=\"data:image\/svg+xml;base64,PHN2ZyB3aWR0aD0iMSIgaGVpZ2h0PSIxIiB4bWxucz0iaHR0cDovL3d3dy53My5vcmcvMjAwMC9zdmciPjwvc3ZnPg==\" style=\"--smush-placeholder-width: 225px; --smush-placeholder-aspect-ratio: 225\/300;\" \/>\t\t\t\t\t\t\t\t\t\t\t<figcaption class=\"widget-image-caption wp-caption-text\"><\/figcaption>\n\t\t\t\t\t\t\t\t\t\t<\/figure>\n\t\t\t\t\t\t\t\t\t<\/div>\n\t\t\t\t<\/div>\n\t\t\t\t<div class=\"elementor-element elementor-element-ca20c95 elementor-widget elementor-widget-image\" data-id=\"ca20c95\" data-element_type=\"widget\" data-widget_type=\"image.default\">\n\t\t\t\t<div class=\"elementor-widget-container\">\n\t\t\t\t\t\t\t\t\t\t\t\t<figure class=\"wp-caption\">\n\t\t\t\t\t\t\t\t\t\t<img decoding=\"async\" width=\"225\" height=\"300\" data-src=\"https:\/\/unsuisseamallorca.com\/wp-content\/uploads\/2024\/10\/IMG_4931-225x300.jpg\" class=\"elementor-animation-grow attachment-medium size-medium wp-image-27506 lazyload\" alt=\"\" data-srcset=\"https:\/\/unsuisseamallorca.com\/wp-content\/uploads\/2024\/10\/IMG_4931-225x300.jpg 225w, https:\/\/unsuisseamallorca.com\/wp-content\/uploads\/2024\/10\/IMG_4931-768x1024.jpg 768w, https:\/\/unsuisseamallorca.com\/wp-content\/uploads\/2024\/10\/IMG_4931-1152x1536.jpg 1152w, https:\/\/unsuisseamallorca.com\/wp-content\/uploads\/2024\/10\/IMG_4931-scaled.jpg 1536w\" data-sizes=\"(max-width: 225px) 100vw, 225px\" src=\"data:image\/svg+xml;base64,PHN2ZyB3aWR0aD0iMSIgaGVpZ2h0PSIxIiB4bWxucz0iaHR0cDovL3d3dy53My5vcmcvMjAwMC9zdmciPjwvc3ZnPg==\" style=\"--smush-placeholder-width: 225px; --smush-placeholder-aspect-ratio: 225\/300;\" \/>\t\t\t\t\t\t\t\t\t\t\t<figcaption class=\"widget-image-caption wp-caption-text\"><\/figcaption>\n\t\t\t\t\t\t\t\t\t\t<\/figure>\n\t\t\t\t\t\t\t\t\t<\/div>\n\t\t\t\t<\/div>\n\t\t\t\t<div class=\"elementor-element elementor-element-ac8cbc7 elementor-widget elementor-widget-image\" data-id=\"ac8cbc7\" data-element_type=\"widget\" data-widget_type=\"image.default\">\n\t\t\t\t<div class=\"elementor-widget-container\">\n\t\t\t\t\t\t\t\t\t\t\t\t<figure class=\"wp-caption\">\n\t\t\t\t\t\t\t\t\t\t<img decoding=\"async\" width=\"300\" height=\"200\" data-src=\"https:\/\/unsuisseamallorca.com\/wp-content\/uploads\/2024\/10\/fete-de-la-patrona-pollensa-300x200.webp\" class=\"elementor-animation-grow attachment-medium size-medium wp-image-27500 lazyload\" alt=\"\" data-srcset=\"https:\/\/unsuisseamallorca.com\/wp-content\/uploads\/2024\/10\/fete-de-la-patrona-pollensa-300x200.webp 300w, https:\/\/unsuisseamallorca.com\/wp-content\/uploads\/2024\/10\/fete-de-la-patrona-pollensa.webp 600w\" data-sizes=\"(max-width: 300px) 100vw, 300px\" src=\"data:image\/svg+xml;base64,PHN2ZyB3aWR0aD0iMSIgaGVpZ2h0PSIxIiB4bWxucz0iaHR0cDovL3d3dy53My5vcmcvMjAwMC9zdmciPjwvc3ZnPg==\" style=\"--smush-placeholder-width: 300px; --smush-placeholder-aspect-ratio: 300\/200;\" \/>\t\t\t\t\t\t\t\t\t\t\t<figcaption class=\"widget-image-caption wp-caption-text\"><\/figcaption>\n\t\t\t\t\t\t\t\t\t\t<\/figure>\n\t\t\t\t\t\t\t\t\t<\/div>\n\t\t\t\t<\/div>\n\t\t\t\t<div class=\"elementor-element elementor-element-5c905e7 elementor-widget elementor-widget-image\" data-id=\"5c905e7\" data-element_type=\"widget\" data-widget_type=\"image.default\">\n\t\t\t\t<div class=\"elementor-widget-container\">\n\t\t\t\t\t\t\t\t\t\t\t\t<figure class=\"wp-caption\">\n\t\t\t\t\t\t\t\t\t\t<img decoding=\"async\" width=\"300\" height=\"200\" data-src=\"https:\/\/unsuisseamallorca.com\/wp-content\/uploads\/2024\/10\/fete-nocturne-sillot-1-300x200.webp\" class=\"elementor-animation-grow attachment-medium size-medium wp-image-27501 lazyload\" alt=\"\" data-srcset=\"https:\/\/unsuisseamallorca.com\/wp-content\/uploads\/2024\/10\/fete-nocturne-sillot-1-300x200.webp 300w, https:\/\/unsuisseamallorca.com\/wp-content\/uploads\/2024\/10\/fete-nocturne-sillot-1.webp 600w\" data-sizes=\"(max-width: 300px) 100vw, 300px\" src=\"data:image\/svg+xml;base64,PHN2ZyB3aWR0aD0iMSIgaGVpZ2h0PSIxIiB4bWxucz0iaHR0cDovL3d3dy53My5vcmcvMjAwMC9zdmciPjwvc3ZnPg==\" style=\"--smush-placeholder-width: 300px; --smush-placeholder-aspect-ratio: 300\/200;\" \/>\t\t\t\t\t\t\t\t\t\t\t<figcaption class=\"widget-image-caption wp-caption-text\"><\/figcaption>\n\t\t\t\t\t\t\t\t\t\t<\/figure>\n\t\t\t\t\t\t\t\t\t<\/div>\n\t\t\t\t<\/div>\n\t\t\t\t<div class=\"elementor-element elementor-element-2e7d35e elementor-widget elementor-widget-image\" data-id=\"2e7d35e\" data-element_type=\"widget\" data-widget_type=\"image.default\">\n\t\t\t\t<div class=\"elementor-widget-container\">\n\t\t\t\t\t\t\t\t\t\t\t\t<figure class=\"wp-caption\">\n\t\t\t\t\t\t\t\t\t\t<img decoding=\"async\" width=\"300\" height=\"200\" data-src=\"https:\/\/unsuisseamallorca.com\/wp-content\/uploads\/2024\/10\/sant-roc-300x200.webp\" class=\"elementor-animation-grow attachment-medium size-medium wp-image-27509 lazyload\" alt=\"\" data-srcset=\"https:\/\/unsuisseamallorca.com\/wp-content\/uploads\/2024\/10\/sant-roc-300x200.webp 300w, https:\/\/unsuisseamallorca.com\/wp-content\/uploads\/2024\/10\/sant-roc.webp 600w\" data-sizes=\"(max-width: 300px) 100vw, 300px\" src=\"data:image\/svg+xml;base64,PHN2ZyB3aWR0aD0iMSIgaGVpZ2h0PSIxIiB4bWxucz0iaHR0cDovL3d3dy53My5vcmcvMjAwMC9zdmciPjwvc3ZnPg==\" style=\"--smush-placeholder-width: 300px; --smush-placeholder-aspect-ratio: 300\/200;\" \/>\t\t\t\t\t\t\t\t\t\t\t<figcaption class=\"widget-image-caption wp-caption-text\"><\/figcaption>\n\t\t\t\t\t\t\t\t\t\t<\/figure>\n\t\t\t\t\t\t\t\t\t<\/div>\n\t\t\t\t<\/div>\n\t\t\t\t\t<\/div>\n\t\t<\/div>\n\t\t\t\t\t<\/div>\n\t\t<\/section>\n\t\t\t\t<\/div>\n\t\t","protected":false},"excerpt":{"rendered":"<p>La marche ne consiste pas \u00e0 gagner du temps mais \u00e0 le perdre avec \u00e9l\u00e9gance. D. Le Breton De Colonia Sant Jordi Au c\u0153ur de l&rsquo;\u00e9t\u00e9, Majorque devrait r\u00e9sonner uniquement des sons et des couleurs de cette saison tant attendue tout au long de l&rsquo;ann\u00e9e. Cependant, actuellement, elle tremble aussi sous les voix des majorquins, [&hellip;]<\/p>\n","protected":false},"author":1,"featured_media":0,"comment_status":"open","ping_status":"open","sticky":false,"template":"","format":"standard","meta":{"ocean_post_layout":"","ocean_both_sidebars_style":"","ocean_both_sidebars_content_width":0,"ocean_both_sidebars_sidebars_width":0,"ocean_sidebar":"0","ocean_second_sidebar":"0","ocean_disable_margins":"enable","ocean_add_body_class":"","ocean_shortcode_before_top_bar":"","ocean_shortcode_after_top_bar":"","ocean_shortcode_before_header":"","ocean_shortcode_after_header":"","ocean_has_shortcode":"","ocean_shortcode_after_title":"","ocean_shortcode_before_footer_widgets":"","ocean_shortcode_after_footer_widgets":"","ocean_shortcode_before_footer_bottom":"","ocean_shortcode_after_footer_bottom":"","ocean_display_top_bar":"default","ocean_display_header":"default","ocean_header_style":"","ocean_center_header_left_menu":"0","ocean_custom_header_template":"0","ocean_custom_logo":0,"ocean_custom_retina_logo":0,"ocean_custom_logo_max_width":0,"ocean_custom_logo_tablet_max_width":0,"ocean_custom_logo_mobile_max_width":0,"ocean_custom_logo_max_height":0,"ocean_custom_logo_tablet_max_height":0,"ocean_custom_logo_mobile_max_height":0,"ocean_header_custom_menu":"0","ocean_menu_typo_font_family":"0","ocean_menu_typo_font_subset":"","ocean_menu_typo_font_size":0,"ocean_menu_typo_font_size_tablet":0,"ocean_menu_typo_font_size_mobile":0,"ocean_menu_typo_font_size_unit":"px","ocean_menu_typo_font_weight":"","ocean_menu_typo_font_weight_tablet":"","ocean_menu_typo_font_weight_mobile":"","ocean_menu_typo_transform":"","ocean_menu_typo_transform_tablet":"","ocean_menu_typo_transform_mobile":"","ocean_menu_typo_line_height":0,"ocean_menu_typo_line_height_tablet":0,"ocean_menu_typo_line_height_mobile":0,"ocean_menu_typo_line_height_unit":"","ocean_menu_typo_spacing":0,"ocean_menu_typo_spacing_tablet":0,"ocean_menu_typo_spacing_mobile":0,"ocean_menu_typo_spacing_unit":"","ocean_menu_link_color":"","ocean_menu_link_color_hover":"","ocean_menu_link_color_active":"","ocean_menu_link_background":"","ocean_menu_link_hover_background":"","ocean_menu_link_active_background":"","ocean_menu_social_links_bg":"","ocean_menu_social_hover_links_bg":"","ocean_menu_social_links_color":"","ocean_menu_social_hover_links_color":"","ocean_disable_title":"default","ocean_disable_heading":"default","ocean_post_title":"","ocean_post_subheading":"","ocean_post_title_style":"","ocean_post_title_background_color":"","ocean_post_title_background":0,"ocean_post_title_bg_image_position":"","ocean_post_title_bg_image_attachment":"","ocean_post_title_bg_image_repeat":"","ocean_post_title_bg_image_size":"","ocean_post_title_height":0,"ocean_post_title_bg_overlay":0.5,"ocean_post_title_bg_overlay_color":"","ocean_disable_breadcrumbs":"default","ocean_breadcrumbs_color":"","ocean_breadcrumbs_separator_color":"","ocean_breadcrumbs_links_color":"","ocean_breadcrumbs_links_hover_color":"","ocean_display_footer_widgets":"default","ocean_display_footer_bottom":"default","ocean_custom_footer_template":"0","ocean_post_oembed":"","ocean_post_self_hosted_media":"","ocean_post_video_embed":"","ocean_link_format":"","ocean_link_format_target":"self","ocean_quote_format":"","ocean_quote_format_link":"post","ocean_gallery_link_images":"off","ocean_gallery_id":[],"footnotes":""},"categories":[1],"tags":[],"class_list":["post-27147","post","type-post","status-publish","format-standard","hentry","category-non-classe","entry"],"yoast_head":"<!-- This site is optimized with the Yoast SEO plugin v26.4 - https:\/\/yoast.com\/wordpress\/plugins\/seo\/ -->\n<title>AO\u00dbT 2024 UN SUISSE A MAJORQUE<\/title>\n<meta name=\"robots\" content=\"index, follow, max-snippet:-1, max-image-preview:large, max-video-preview:-1\" \/>\n<link rel=\"canonical\" href=\"https:\/\/unsuisseamallorca.com\/index.php\/2024\/10\/19\/aout-2024\/\" \/>\n<meta property=\"og:locale\" content=\"fr_FR\" \/>\n<meta property=\"og:type\" content=\"article\" \/>\n<meta property=\"og:title\" content=\"AO\u00dbT 2024 UN SUISSE A MAJORQUE\" \/>\n<meta property=\"og:description\" content=\"La marche ne consiste pas \u00e0 gagner du temps mais \u00e0 le perdre avec \u00e9l\u00e9gance. D. Le Breton De Colonia Sant Jordi Au c\u0153ur de l&rsquo;\u00e9t\u00e9, Majorque devrait r\u00e9sonner uniquement des sons et des couleurs de cette saison tant attendue tout au long de l&rsquo;ann\u00e9e. Cependant, actuellement, elle tremble aussi sous les voix des majorquins, [&hellip;]\" \/>\n<meta property=\"og:url\" content=\"https:\/\/unsuisseamallorca.com\/index.php\/2024\/10\/19\/aout-2024\/\" \/>\n<meta property=\"og:site_name\" content=\"UN SUISSE A MAJORQUE\" \/>\n<meta property=\"article:published_time\" content=\"2024-10-19T13:49:31+00:00\" \/>\n<meta property=\"article:modified_time\" content=\"2024-11-20T15:28:34+00:00\" \/>\n<meta property=\"og:image\" content=\"https:\/\/unsuisseamallorca.com\/wp-content\/uploads\/2024\/10\/playa-formentor.webp\" \/>\n\t<meta property=\"og:image:width\" content=\"784\" \/>\n\t<meta property=\"og:image:height\" content=\"480\" \/>\n\t<meta property=\"og:image:type\" content=\"image\/webp\" \/>\n<meta name=\"author\" content=\"jaqumart\" \/>\n<meta name=\"twitter:card\" content=\"summary_large_image\" \/>\n<meta name=\"twitter:label1\" content=\"\u00c9crit par\" \/>\n\t<meta name=\"twitter:data1\" content=\"jaqumart\" \/>\n\t<meta name=\"twitter:label2\" content=\"Dur\u00e9e de lecture estim\u00e9e\" \/>\n\t<meta name=\"twitter:data2\" content=\"4 minutes\" \/>\n<script type=\"application\/ld+json\" class=\"yoast-schema-graph\">{\"@context\":\"https:\/\/schema.org\",\"@graph\":[{\"@type\":\"WebPage\",\"@id\":\"https:\/\/unsuisseamallorca.com\/index.php\/2024\/10\/19\/aout-2024\/\",\"url\":\"https:\/\/unsuisseamallorca.com\/index.php\/2024\/10\/19\/aout-2024\/\",\"name\":\"AO\u00dbT 2024 UN SUISSE A MAJORQUE\",\"isPartOf\":{\"@id\":\"https:\/\/unsuisseamallorca.com\/#website\"},\"primaryImageOfPage\":{\"@id\":\"https:\/\/unsuisseamallorca.com\/index.php\/2024\/10\/19\/aout-2024\/#primaryimage\"},\"image\":{\"@id\":\"https:\/\/unsuisseamallorca.com\/index.php\/2024\/10\/19\/aout-2024\/#primaryimage\"},\"thumbnailUrl\":\"https:\/\/unsuisseamallorca.com\/wp-content\/uploads\/2024\/10\/playa-formentor-300x184.webp\",\"datePublished\":\"2024-10-19T13:49:31+00:00\",\"dateModified\":\"2024-11-20T15:28:34+00:00\",\"author\":{\"@id\":\"https:\/\/unsuisseamallorca.com\/#\/schema\/person\/4b6d9ad7f4cb60bfc0b970e3230bd4ee\"},\"breadcrumb\":{\"@id\":\"https:\/\/unsuisseamallorca.com\/index.php\/2024\/10\/19\/aout-2024\/#breadcrumb\"},\"inLanguage\":\"fr-FR\",\"potentialAction\":[{\"@type\":\"ReadAction\",\"target\":[\"https:\/\/unsuisseamallorca.com\/index.php\/2024\/10\/19\/aout-2024\/\"]}]},{\"@type\":\"ImageObject\",\"inLanguage\":\"fr-FR\",\"@id\":\"https:\/\/unsuisseamallorca.com\/index.php\/2024\/10\/19\/aout-2024\/#primaryimage\",\"url\":\"https:\/\/unsuisseamallorca.com\/wp-content\/uploads\/2024\/10\/playa-formentor.webp\",\"contentUrl\":\"https:\/\/unsuisseamallorca.com\/wp-content\/uploads\/2024\/10\/playa-formentor.webp\",\"width\":784,\"height\":480},{\"@type\":\"BreadcrumbList\",\"@id\":\"https:\/\/unsuisseamallorca.com\/index.php\/2024\/10\/19\/aout-2024\/#breadcrumb\",\"itemListElement\":[{\"@type\":\"ListItem\",\"position\":1,\"name\":\"Accueil\",\"item\":\"https:\/\/unsuisseamallorca.com\/\"},{\"@type\":\"ListItem\",\"position\":2,\"name\":\"AO\u00dbT 2024\"}]},{\"@type\":\"WebSite\",\"@id\":\"https:\/\/unsuisseamallorca.com\/#website\",\"url\":\"https:\/\/unsuisseamallorca.com\/\",\"name\":\"UN SUISSE A MAJORQUE\",\"description\":\"Le voyageur voit ce qu&#039;il voit, le touriste voit ce qu&#039;il est venu voir !\",\"potentialAction\":[{\"@type\":\"SearchAction\",\"target\":{\"@type\":\"EntryPoint\",\"urlTemplate\":\"https:\/\/unsuisseamallorca.com\/?s={search_term_string}\"},\"query-input\":{\"@type\":\"PropertyValueSpecification\",\"valueRequired\":true,\"valueName\":\"search_term_string\"}}],\"inLanguage\":\"fr-FR\"},{\"@type\":\"Person\",\"@id\":\"https:\/\/unsuisseamallorca.com\/#\/schema\/person\/4b6d9ad7f4cb60bfc0b970e3230bd4ee\",\"name\":\"jaqumart\",\"image\":{\"@type\":\"ImageObject\",\"inLanguage\":\"fr-FR\",\"@id\":\"https:\/\/unsuisseamallorca.com\/#\/schema\/person\/image\/\",\"url\":\"https:\/\/secure.gravatar.com\/avatar\/b2a312432414c603623802015a32792d9d5faf46d1a4592633c21e14c70c07cd?s=96&d=mm&r=g\",\"contentUrl\":\"https:\/\/secure.gravatar.com\/avatar\/b2a312432414c603623802015a32792d9d5faf46d1a4592633c21e14c70c07cd?s=96&d=mm&r=g\",\"caption\":\"jaqumart\"},\"url\":\"https:\/\/unsuisseamallorca.com\/index.php\/author\/jaqumart\/\"}]}<\/script>\n<!-- \/ Yoast SEO plugin. -->","yoast_head_json":{"title":"AO\u00dbT 2024 UN SUISSE A MAJORQUE","robots":{"index":"index","follow":"follow","max-snippet":"max-snippet:-1","max-image-preview":"max-image-preview:large","max-video-preview":"max-video-preview:-1"},"canonical":"https:\/\/unsuisseamallorca.com\/index.php\/2024\/10\/19\/aout-2024\/","og_locale":"fr_FR","og_type":"article","og_title":"AO\u00dbT 2024 UN SUISSE A MAJORQUE","og_description":"La marche ne consiste pas \u00e0 gagner du temps mais \u00e0 le perdre avec \u00e9l\u00e9gance. D. Le Breton De Colonia Sant Jordi Au c\u0153ur de l&rsquo;\u00e9t\u00e9, Majorque devrait r\u00e9sonner uniquement des sons et des couleurs de cette saison tant attendue tout au long de l&rsquo;ann\u00e9e. Cependant, actuellement, elle tremble aussi sous les voix des majorquins, [&hellip;]","og_url":"https:\/\/unsuisseamallorca.com\/index.php\/2024\/10\/19\/aout-2024\/","og_site_name":"UN SUISSE A MAJORQUE","article_published_time":"2024-10-19T13:49:31+00:00","article_modified_time":"2024-11-20T15:28:34+00:00","og_image":[{"width":784,"height":480,"url":"https:\/\/unsuisseamallorca.com\/wp-content\/uploads\/2024\/10\/playa-formentor.webp","type":"image\/webp"}],"author":"jaqumart","twitter_card":"summary_large_image","twitter_misc":{"\u00c9crit par":"jaqumart","Dur\u00e9e de lecture estim\u00e9e":"4 minutes"},"schema":{"@context":"https:\/\/schema.org","@graph":[{"@type":"WebPage","@id":"https:\/\/unsuisseamallorca.com\/index.php\/2024\/10\/19\/aout-2024\/","url":"https:\/\/unsuisseamallorca.com\/index.php\/2024\/10\/19\/aout-2024\/","name":"AO\u00dbT 2024 UN SUISSE A MAJORQUE","isPartOf":{"@id":"https:\/\/unsuisseamallorca.com\/#website"},"primaryImageOfPage":{"@id":"https:\/\/unsuisseamallorca.com\/index.php\/2024\/10\/19\/aout-2024\/#primaryimage"},"image":{"@id":"https:\/\/unsuisseamallorca.com\/index.php\/2024\/10\/19\/aout-2024\/#primaryimage"},"thumbnailUrl":"https:\/\/unsuisseamallorca.com\/wp-content\/uploads\/2024\/10\/playa-formentor-300x184.webp","datePublished":"2024-10-19T13:49:31+00:00","dateModified":"2024-11-20T15:28:34+00:00","author":{"@id":"https:\/\/unsuisseamallorca.com\/#\/schema\/person\/4b6d9ad7f4cb60bfc0b970e3230bd4ee"},"breadcrumb":{"@id":"https:\/\/unsuisseamallorca.com\/index.php\/2024\/10\/19\/aout-2024\/#breadcrumb"},"inLanguage":"fr-FR","potentialAction":[{"@type":"ReadAction","target":["https:\/\/unsuisseamallorca.com\/index.php\/2024\/10\/19\/aout-2024\/"]}]},{"@type":"ImageObject","inLanguage":"fr-FR","@id":"https:\/\/unsuisseamallorca.com\/index.php\/2024\/10\/19\/aout-2024\/#primaryimage","url":"https:\/\/unsuisseamallorca.com\/wp-content\/uploads\/2024\/10\/playa-formentor.webp","contentUrl":"https:\/\/unsuisseamallorca.com\/wp-content\/uploads\/2024\/10\/playa-formentor.webp","width":784,"height":480},{"@type":"BreadcrumbList","@id":"https:\/\/unsuisseamallorca.com\/index.php\/2024\/10\/19\/aout-2024\/#breadcrumb","itemListElement":[{"@type":"ListItem","position":1,"name":"Accueil","item":"https:\/\/unsuisseamallorca.com\/"},{"@type":"ListItem","position":2,"name":"AO\u00dbT 2024"}]},{"@type":"WebSite","@id":"https:\/\/unsuisseamallorca.com\/#website","url":"https:\/\/unsuisseamallorca.com\/","name":"UN SUISSE A MAJORQUE","description":"Le voyageur voit ce qu&#039;il voit, le touriste voit ce qu&#039;il est venu voir !","potentialAction":[{"@type":"SearchAction","target":{"@type":"EntryPoint","urlTemplate":"https:\/\/unsuisseamallorca.com\/?s={search_term_string}"},"query-input":{"@type":"PropertyValueSpecification","valueRequired":true,"valueName":"search_term_string"}}],"inLanguage":"fr-FR"},{"@type":"Person","@id":"https:\/\/unsuisseamallorca.com\/#\/schema\/person\/4b6d9ad7f4cb60bfc0b970e3230bd4ee","name":"jaqumart","image":{"@type":"ImageObject","inLanguage":"fr-FR","@id":"https:\/\/unsuisseamallorca.com\/#\/schema\/person\/image\/","url":"https:\/\/secure.gravatar.com\/avatar\/b2a312432414c603623802015a32792d9d5faf46d1a4592633c21e14c70c07cd?s=96&d=mm&r=g","contentUrl":"https:\/\/secure.gravatar.com\/avatar\/b2a312432414c603623802015a32792d9d5faf46d1a4592633c21e14c70c07cd?s=96&d=mm&r=g","caption":"jaqumart"},"url":"https:\/\/unsuisseamallorca.com\/index.php\/author\/jaqumart\/"}]}},"_links":{"self":[{"href":"https:\/\/unsuisseamallorca.com\/index.php\/wp-json\/wp\/v2\/posts\/27147","targetHints":{"allow":["GET"]}}],"collection":[{"href":"https:\/\/unsuisseamallorca.com\/index.php\/wp-json\/wp\/v2\/posts"}],"about":[{"href":"https:\/\/unsuisseamallorca.com\/index.php\/wp-json\/wp\/v2\/types\/post"}],"author":[{"embeddable":true,"href":"https:\/\/unsuisseamallorca.com\/index.php\/wp-json\/wp\/v2\/users\/1"}],"replies":[{"embeddable":true,"href":"https:\/\/unsuisseamallorca.com\/index.php\/wp-json\/wp\/v2\/comments?post=27147"}],"version-history":[{"count":25,"href":"https:\/\/unsuisseamallorca.com\/index.php\/wp-json\/wp\/v2\/posts\/27147\/revisions"}],"predecessor-version":[{"id":27512,"href":"https:\/\/unsuisseamallorca.com\/index.php\/wp-json\/wp\/v2\/posts\/27147\/revisions\/27512"}],"wp:attachment":[{"href":"https:\/\/unsuisseamallorca.com\/index.php\/wp-json\/wp\/v2\/media?parent=27147"}],"wp:term":[{"taxonomy":"category","embeddable":true,"href":"https:\/\/unsuisseamallorca.com\/index.php\/wp-json\/wp\/v2\/categories?post=27147"},{"taxonomy":"post_tag","embeddable":true,"href":"https:\/\/unsuisseamallorca.com\/index.php\/wp-json\/wp\/v2\/tags?post=27147"}],"curies":[{"name":"wp","href":"https:\/\/api.w.org\/{rel}","templated":true}]}}