{"id":27136,"date":"2024-10-19T15:40:01","date_gmt":"2024-10-19T13:40:01","guid":{"rendered":"https:\/\/unsuisseamallorca.com\/?p=27136"},"modified":"2024-11-20T08:20:56","modified_gmt":"2024-11-20T07:20:56","slug":"juin-2024","status":"publish","type":"post","link":"https:\/\/unsuisseamallorca.com\/index.php\/2024\/10\/19\/juin-2024\/","title":{"rendered":"JUIN 2024"},"content":{"rendered":"\t\t<div data-elementor-type=\"wp-post\" data-elementor-id=\"27136\" class=\"elementor elementor-27136\" data-elementor-post-type=\"post\">\n\t\t\t\t\t\t<section class=\"elementor-section elementor-top-section elementor-element elementor-element-572e5a49 elementor-section-content-top elementor-section-full_width elementor-section-height-default elementor-section-height-default\" data-id=\"572e5a49\" data-element_type=\"section\" data-settings=\"{&quot;background_background&quot;:&quot;classic&quot;}\">\n\t\t\t\t\t\t<div class=\"elementor-container elementor-column-gap-no\">\n\t\t\t\t\t<div class=\"elementor-column elementor-col-25 elementor-top-column elementor-element elementor-element-57b0a6d\" data-id=\"57b0a6d\" data-element_type=\"column\">\n\t\t\t<div class=\"elementor-widget-wrap elementor-element-populated\">\n\t\t\t\t\t\t<div class=\"elementor-element elementor-element-28e4681 elementor-widget elementor-widget-text-editor\" data-id=\"28e4681\" data-element_type=\"widget\" data-widget_type=\"text-editor.default\">\n\t\t\t\t<div class=\"elementor-widget-container\">\n\t\t\t\t\t\t\t\t\t<h5 style=\"text-align: center;\"><b><\/b>Ne crains pas d&rsquo;avancer lentement, crains seulement de t&rsquo;arr\u00eater. Proverbe chinois<\/h5>\t\t\t\t\t\t\t\t<\/div>\n\t\t\t\t<\/div>\n\t\t\t\t<div class=\"elementor-element elementor-element-45383fa9 elementor-widget elementor-widget-heading\" data-id=\"45383fa9\" data-element_type=\"widget\" data-widget_type=\"heading.default\">\n\t\t\t\t<div class=\"elementor-widget-container\">\n\t\t\t\t\t<h3 class=\"elementor-heading-title elementor-size-default\">De Colonia Sant Jordi<\/h3>\t\t\t\t<\/div>\n\t\t\t\t<\/div>\n\t\t\t\t<div class=\"elementor-element elementor-element-1eca6af elementor-widget elementor-widget-image\" data-id=\"1eca6af\" data-element_type=\"widget\" data-widget_type=\"image.default\">\n\t\t\t\t<div class=\"elementor-widget-container\">\n\t\t\t\t\t\t\t\t\t\t\t\t<figure class=\"wp-caption\">\n\t\t\t\t\t\t\t\t\t\t<img fetchpriority=\"high\" decoding=\"async\" width=\"225\" height=\"300\" src=\"https:\/\/unsuisseamallorca.com\/wp-content\/uploads\/2024\/10\/IMG_3059-225x300.jpg\" class=\"elementor-animation-grow attachment-medium size-medium wp-image-27267\" alt=\"\" srcset=\"https:\/\/unsuisseamallorca.com\/wp-content\/uploads\/2024\/10\/IMG_3059-225x300.jpg 225w, https:\/\/unsuisseamallorca.com\/wp-content\/uploads\/2024\/10\/IMG_3059-768x1024.jpg 768w, https:\/\/unsuisseamallorca.com\/wp-content\/uploads\/2024\/10\/IMG_3059-1152x1536.jpg 1152w, https:\/\/unsuisseamallorca.com\/wp-content\/uploads\/2024\/10\/IMG_3059-scaled.jpg 1536w\" sizes=\"(max-width: 225px) 100vw, 225px\" \/>\t\t\t\t\t\t\t\t\t\t\t<figcaption class=\"widget-image-caption wp-caption-text\"><\/figcaption>\n\t\t\t\t\t\t\t\t\t\t<\/figure>\n\t\t\t\t\t\t\t\t\t<\/div>\n\t\t\t\t<\/div>\n\t\t\t\t<div class=\"elementor-element elementor-element-af33fa2 elementor-widget elementor-widget-image\" data-id=\"af33fa2\" data-element_type=\"widget\" data-widget_type=\"image.default\">\n\t\t\t\t<div class=\"elementor-widget-container\">\n\t\t\t\t\t\t\t\t\t\t\t\t<figure class=\"wp-caption\">\n\t\t\t\t\t\t\t\t\t\t<img decoding=\"async\" width=\"225\" height=\"300\" data-src=\"https:\/\/unsuisseamallorca.com\/wp-content\/uploads\/2024\/10\/IMG_2505-225x300.jpg\" class=\"elementor-animation-grow attachment-medium size-medium wp-image-27334 lazyload\" alt=\"\" data-srcset=\"https:\/\/unsuisseamallorca.com\/wp-content\/uploads\/2024\/10\/IMG_2505-225x300.jpg 225w, https:\/\/unsuisseamallorca.com\/wp-content\/uploads\/2024\/10\/IMG_2505-768x1024.jpg 768w, https:\/\/unsuisseamallorca.com\/wp-content\/uploads\/2024\/10\/IMG_2505-1152x1536.jpg 1152w, https:\/\/unsuisseamallorca.com\/wp-content\/uploads\/2024\/10\/IMG_2505-scaled.jpg 1536w\" data-sizes=\"(max-width: 225px) 100vw, 225px\" src=\"data:image\/svg+xml;base64,PHN2ZyB3aWR0aD0iMSIgaGVpZ2h0PSIxIiB4bWxucz0iaHR0cDovL3d3dy53My5vcmcvMjAwMC9zdmciPjwvc3ZnPg==\" style=\"--smush-placeholder-width: 225px; --smush-placeholder-aspect-ratio: 225\/300;\" \/>\t\t\t\t\t\t\t\t\t\t\t<figcaption class=\"widget-image-caption wp-caption-text\"><\/figcaption>\n\t\t\t\t\t\t\t\t\t\t<\/figure>\n\t\t\t\t\t\t\t\t\t<\/div>\n\t\t\t\t<\/div>\n\t\t\t\t<div class=\"elementor-element elementor-element-23fdadf elementor-widget elementor-widget-image\" data-id=\"23fdadf\" data-element_type=\"widget\" data-widget_type=\"image.default\">\n\t\t\t\t<div class=\"elementor-widget-container\">\n\t\t\t\t\t\t\t\t\t\t\t\t<figure class=\"wp-caption\">\n\t\t\t\t\t\t\t\t\t\t<img decoding=\"async\" width=\"225\" height=\"300\" data-src=\"https:\/\/unsuisseamallorca.com\/wp-content\/uploads\/2024\/10\/IMG_5637-225x300.jpeg\" class=\"elementor-animation-grow attachment-medium size-medium wp-image-27271 lazyload\" alt=\"\" data-srcset=\"https:\/\/unsuisseamallorca.com\/wp-content\/uploads\/2024\/10\/IMG_5637-225x300.jpeg 225w, https:\/\/unsuisseamallorca.com\/wp-content\/uploads\/2024\/10\/IMG_5637-768x1024.jpeg 768w, https:\/\/unsuisseamallorca.com\/wp-content\/uploads\/2024\/10\/IMG_5637-1152x1536.jpeg 1152w, https:\/\/unsuisseamallorca.com\/wp-content\/uploads\/2024\/10\/IMG_5637.jpeg 1536w\" data-sizes=\"(max-width: 225px) 100vw, 225px\" src=\"data:image\/svg+xml;base64,PHN2ZyB3aWR0aD0iMSIgaGVpZ2h0PSIxIiB4bWxucz0iaHR0cDovL3d3dy53My5vcmcvMjAwMC9zdmciPjwvc3ZnPg==\" style=\"--smush-placeholder-width: 225px; --smush-placeholder-aspect-ratio: 225\/300;\" \/>\t\t\t\t\t\t\t\t\t\t\t<figcaption class=\"widget-image-caption wp-caption-text\"><\/figcaption>\n\t\t\t\t\t\t\t\t\t\t<\/figure>\n\t\t\t\t\t\t\t\t\t<\/div>\n\t\t\t\t<\/div>\n\t\t\t\t<div class=\"elementor-element elementor-element-7d178cb elementor-widget elementor-widget-image\" data-id=\"7d178cb\" data-element_type=\"widget\" data-widget_type=\"image.default\">\n\t\t\t\t<div class=\"elementor-widget-container\">\n\t\t\t\t\t\t\t\t\t\t\t\t<figure class=\"wp-caption\">\n\t\t\t\t\t\t\t\t\t\t<img decoding=\"async\" width=\"225\" height=\"300\" data-src=\"https:\/\/unsuisseamallorca.com\/wp-content\/uploads\/2024\/10\/IMG_2731-225x300.jpg\" class=\"elementor-animation-grow attachment-medium size-medium wp-image-27252 lazyload\" alt=\"\" data-srcset=\"https:\/\/unsuisseamallorca.com\/wp-content\/uploads\/2024\/10\/IMG_2731-225x300.jpg 225w, https:\/\/unsuisseamallorca.com\/wp-content\/uploads\/2024\/10\/IMG_2731-768x1024.jpg 768w, https:\/\/unsuisseamallorca.com\/wp-content\/uploads\/2024\/10\/IMG_2731-1152x1536.jpg 1152w, https:\/\/unsuisseamallorca.com\/wp-content\/uploads\/2024\/10\/IMG_2731-scaled.jpg 1536w\" data-sizes=\"(max-width: 225px) 100vw, 225px\" src=\"data:image\/svg+xml;base64,PHN2ZyB3aWR0aD0iMSIgaGVpZ2h0PSIxIiB4bWxucz0iaHR0cDovL3d3dy53My5vcmcvMjAwMC9zdmciPjwvc3ZnPg==\" style=\"--smush-placeholder-width: 225px; --smush-placeholder-aspect-ratio: 225\/300;\" \/>\t\t\t\t\t\t\t\t\t\t\t<figcaption class=\"widget-image-caption wp-caption-text\"><\/figcaption>\n\t\t\t\t\t\t\t\t\t\t<\/figure>\n\t\t\t\t\t\t\t\t\t<\/div>\n\t\t\t\t<\/div>\n\t\t\t\t<div class=\"elementor-element elementor-element-0f26b0d elementor-widget elementor-widget-image\" data-id=\"0f26b0d\" data-element_type=\"widget\" data-widget_type=\"image.default\">\n\t\t\t\t<div class=\"elementor-widget-container\">\n\t\t\t\t\t\t\t\t\t\t\t\t<figure class=\"wp-caption\">\n\t\t\t\t\t\t\t\t\t\t<img decoding=\"async\" width=\"300\" height=\"225\" data-src=\"https:\/\/unsuisseamallorca.com\/wp-content\/uploads\/2024\/10\/IMG_3044-300x225.jpg\" class=\"elementor-animation-grow attachment-medium size-medium wp-image-27265 lazyload\" alt=\"\" data-srcset=\"https:\/\/unsuisseamallorca.com\/wp-content\/uploads\/2024\/10\/IMG_3044-300x225.jpg 300w, https:\/\/unsuisseamallorca.com\/wp-content\/uploads\/2024\/10\/IMG_3044-1024x768.jpg 1024w, https:\/\/unsuisseamallorca.com\/wp-content\/uploads\/2024\/10\/IMG_3044-768x576.jpg 768w, https:\/\/unsuisseamallorca.com\/wp-content\/uploads\/2024\/10\/IMG_3044-1536x1152.jpg 1536w, https:\/\/unsuisseamallorca.com\/wp-content\/uploads\/2024\/10\/IMG_3044-scaled.jpg 2048w\" data-sizes=\"(max-width: 300px) 100vw, 300px\" src=\"data:image\/svg+xml;base64,PHN2ZyB3aWR0aD0iMSIgaGVpZ2h0PSIxIiB4bWxucz0iaHR0cDovL3d3dy53My5vcmcvMjAwMC9zdmciPjwvc3ZnPg==\" style=\"--smush-placeholder-width: 300px; --smush-placeholder-aspect-ratio: 300\/225;\" \/>\t\t\t\t\t\t\t\t\t\t\t<figcaption class=\"widget-image-caption wp-caption-text\"><\/figcaption>\n\t\t\t\t\t\t\t\t\t\t<\/figure>\n\t\t\t\t\t\t\t\t\t<\/div>\n\t\t\t\t<\/div>\n\t\t\t\t<div class=\"elementor-element elementor-element-6798348 elementor-widget elementor-widget-image\" data-id=\"6798348\" data-element_type=\"widget\" data-widget_type=\"image.default\">\n\t\t\t\t<div class=\"elementor-widget-container\">\n\t\t\t\t\t\t\t\t\t\t\t\t<figure class=\"wp-caption\">\n\t\t\t\t\t\t\t\t\t\t<img decoding=\"async\" width=\"225\" height=\"300\" data-src=\"https:\/\/unsuisseamallorca.com\/wp-content\/uploads\/2024\/10\/IMG_1904-1-225x300.jpg\" class=\"elementor-animation-grow attachment-medium size-medium wp-image-27199 lazyload\" alt=\"\" data-srcset=\"https:\/\/unsuisseamallorca.com\/wp-content\/uploads\/2024\/10\/IMG_1904-1-225x300.jpg 225w, https:\/\/unsuisseamallorca.com\/wp-content\/uploads\/2024\/10\/IMG_1904-1-768x1024.jpg 768w, https:\/\/unsuisseamallorca.com\/wp-content\/uploads\/2024\/10\/IMG_1904-1-1152x1536.jpg 1152w, https:\/\/unsuisseamallorca.com\/wp-content\/uploads\/2024\/10\/IMG_1904-1-scaled.jpg 1536w\" data-sizes=\"(max-width: 225px) 100vw, 225px\" src=\"data:image\/svg+xml;base64,PHN2ZyB3aWR0aD0iMSIgaGVpZ2h0PSIxIiB4bWxucz0iaHR0cDovL3d3dy53My5vcmcvMjAwMC9zdmciPjwvc3ZnPg==\" style=\"--smush-placeholder-width: 225px; --smush-placeholder-aspect-ratio: 225\/300;\" \/>\t\t\t\t\t\t\t\t\t\t\t<figcaption class=\"widget-image-caption wp-caption-text\"><\/figcaption>\n\t\t\t\t\t\t\t\t\t\t<\/figure>\n\t\t\t\t\t\t\t\t\t<\/div>\n\t\t\t\t<\/div>\n\t\t\t\t<div class=\"elementor-element elementor-element-a12bdff elementor-widget elementor-widget-image\" data-id=\"a12bdff\" data-element_type=\"widget\" data-widget_type=\"image.default\">\n\t\t\t\t<div class=\"elementor-widget-container\">\n\t\t\t\t\t\t\t\t\t\t\t\t<figure class=\"wp-caption\">\n\t\t\t\t\t\t\t\t\t\t<img decoding=\"async\" width=\"300\" height=\"214\" data-src=\"https:\/\/unsuisseamallorca.com\/wp-content\/uploads\/2024\/10\/csm_Kartoffelmesse24_AjuntamentSaPobla_989e2f7101-300x214.webp\" class=\"elementor-animation-grow attachment-medium size-medium wp-image-27412 lazyload\" alt=\"\" data-srcset=\"https:\/\/unsuisseamallorca.com\/wp-content\/uploads\/2024\/10\/csm_Kartoffelmesse24_AjuntamentSaPobla_989e2f7101-300x214.webp 300w, https:\/\/unsuisseamallorca.com\/wp-content\/uploads\/2024\/10\/csm_Kartoffelmesse24_AjuntamentSaPobla_989e2f7101-768x548.webp 768w, https:\/\/unsuisseamallorca.com\/wp-content\/uploads\/2024\/10\/csm_Kartoffelmesse24_AjuntamentSaPobla_989e2f7101.webp 912w\" data-sizes=\"(max-width: 300px) 100vw, 300px\" src=\"data:image\/svg+xml;base64,PHN2ZyB3aWR0aD0iMSIgaGVpZ2h0PSIxIiB4bWxucz0iaHR0cDovL3d3dy53My5vcmcvMjAwMC9zdmciPjwvc3ZnPg==\" style=\"--smush-placeholder-width: 300px; --smush-placeholder-aspect-ratio: 300\/214;\" \/>\t\t\t\t\t\t\t\t\t\t\t<figcaption class=\"widget-image-caption wp-caption-text\"><\/figcaption>\n\t\t\t\t\t\t\t\t\t\t<\/figure>\n\t\t\t\t\t\t\t\t\t<\/div>\n\t\t\t\t<\/div>\n\t\t\t\t<div class=\"elementor-element elementor-element-880544a elementor-widget elementor-widget-image\" data-id=\"880544a\" data-element_type=\"widget\" data-widget_type=\"image.default\">\n\t\t\t\t<div class=\"elementor-widget-container\">\n\t\t\t\t\t\t\t\t\t\t\t\t<figure class=\"wp-caption\">\n\t\t\t\t\t\t\t\t\t\t<img decoding=\"async\" width=\"300\" height=\"220\" data-src=\"https:\/\/unsuisseamallorca.com\/wp-content\/uploads\/2024\/10\/OIP-300x220.jpg\" class=\"elementor-animation-grow attachment-medium size-medium wp-image-27413 lazyload\" alt=\"\" data-srcset=\"https:\/\/unsuisseamallorca.com\/wp-content\/uploads\/2024\/10\/OIP-300x220.jpg 300w, https:\/\/unsuisseamallorca.com\/wp-content\/uploads\/2024\/10\/OIP.jpg 474w\" data-sizes=\"(max-width: 300px) 100vw, 300px\" src=\"data:image\/svg+xml;base64,PHN2ZyB3aWR0aD0iMSIgaGVpZ2h0PSIxIiB4bWxucz0iaHR0cDovL3d3dy53My5vcmcvMjAwMC9zdmciPjwvc3ZnPg==\" style=\"--smush-placeholder-width: 300px; --smush-placeholder-aspect-ratio: 300\/220;\" \/>\t\t\t\t\t\t\t\t\t\t\t<figcaption class=\"widget-image-caption wp-caption-text\"><\/figcaption>\n\t\t\t\t\t\t\t\t\t\t<\/figure>\n\t\t\t\t\t\t\t\t\t<\/div>\n\t\t\t\t<\/div>\n\t\t\t\t<div class=\"elementor-element elementor-element-f6952f3 elementor-widget elementor-widget-image\" data-id=\"f6952f3\" data-element_type=\"widget\" data-widget_type=\"image.default\">\n\t\t\t\t<div class=\"elementor-widget-container\">\n\t\t\t\t\t\t\t\t\t\t\t\t<figure class=\"wp-caption\">\n\t\t\t\t\t\t\t\t\t\t<img decoding=\"async\" width=\"300\" height=\"221\" data-src=\"https:\/\/unsuisseamallorca.com\/wp-content\/uploads\/2024\/10\/traditional-aromatic-herbs-fira-de-ses-herbes-selva-raiguer-mallorca-KNBJPG-300x221.jpg\" class=\"elementor-animation-grow attachment-medium size-medium wp-image-27414 lazyload\" alt=\"\" data-srcset=\"https:\/\/unsuisseamallorca.com\/wp-content\/uploads\/2024\/10\/traditional-aromatic-herbs-fira-de-ses-herbes-selva-raiguer-mallorca-KNBJPG-300x221.jpg 300w, https:\/\/unsuisseamallorca.com\/wp-content\/uploads\/2024\/10\/traditional-aromatic-herbs-fira-de-ses-herbes-selva-raiguer-mallorca-KNBJPG-1024x753.jpg 1024w, https:\/\/unsuisseamallorca.com\/wp-content\/uploads\/2024\/10\/traditional-aromatic-herbs-fira-de-ses-herbes-selva-raiguer-mallorca-KNBJPG-768x565.jpg 768w, https:\/\/unsuisseamallorca.com\/wp-content\/uploads\/2024\/10\/traditional-aromatic-herbs-fira-de-ses-herbes-selva-raiguer-mallorca-KNBJPG.jpg 1300w\" data-sizes=\"(max-width: 300px) 100vw, 300px\" src=\"data:image\/svg+xml;base64,PHN2ZyB3aWR0aD0iMSIgaGVpZ2h0PSIxIiB4bWxucz0iaHR0cDovL3d3dy53My5vcmcvMjAwMC9zdmciPjwvc3ZnPg==\" style=\"--smush-placeholder-width: 300px; --smush-placeholder-aspect-ratio: 300\/221;\" \/>\t\t\t\t\t\t\t\t\t\t\t<figcaption class=\"widget-image-caption wp-caption-text\"><\/figcaption>\n\t\t\t\t\t\t\t\t\t\t<\/figure>\n\t\t\t\t\t\t\t\t\t<\/div>\n\t\t\t\t<\/div>\n\t\t\t\t<div class=\"elementor-element elementor-element-4c6074e elementor-widget elementor-widget-image\" data-id=\"4c6074e\" data-element_type=\"widget\" data-widget_type=\"image.default\">\n\t\t\t\t<div class=\"elementor-widget-container\">\n\t\t\t\t\t\t\t\t\t\t\t\t<figure class=\"wp-caption\">\n\t\t\t\t\t\t\t\t\t\t<img decoding=\"async\" width=\"300\" height=\"221\" data-src=\"https:\/\/unsuisseamallorca.com\/wp-content\/uploads\/2024\/10\/traditional-aromatic-herbs-fira-de-ses-herbes-selva-raiguer-mallorca-KNBJPG-300x221.jpg\" class=\"elementor-animation-grow attachment-medium size-medium wp-image-27414 lazyload\" alt=\"\" data-srcset=\"https:\/\/unsuisseamallorca.com\/wp-content\/uploads\/2024\/10\/traditional-aromatic-herbs-fira-de-ses-herbes-selva-raiguer-mallorca-KNBJPG-300x221.jpg 300w, https:\/\/unsuisseamallorca.com\/wp-content\/uploads\/2024\/10\/traditional-aromatic-herbs-fira-de-ses-herbes-selva-raiguer-mallorca-KNBJPG-1024x753.jpg 1024w, https:\/\/unsuisseamallorca.com\/wp-content\/uploads\/2024\/10\/traditional-aromatic-herbs-fira-de-ses-herbes-selva-raiguer-mallorca-KNBJPG-768x565.jpg 768w, https:\/\/unsuisseamallorca.com\/wp-content\/uploads\/2024\/10\/traditional-aromatic-herbs-fira-de-ses-herbes-selva-raiguer-mallorca-KNBJPG.jpg 1300w\" data-sizes=\"(max-width: 300px) 100vw, 300px\" src=\"data:image\/svg+xml;base64,PHN2ZyB3aWR0aD0iMSIgaGVpZ2h0PSIxIiB4bWxucz0iaHR0cDovL3d3dy53My5vcmcvMjAwMC9zdmciPjwvc3ZnPg==\" style=\"--smush-placeholder-width: 300px; --smush-placeholder-aspect-ratio: 300\/221;\" \/>\t\t\t\t\t\t\t\t\t\t\t<figcaption class=\"widget-image-caption wp-caption-text\"><\/figcaption>\n\t\t\t\t\t\t\t\t\t\t<\/figure>\n\t\t\t\t\t\t\t\t\t<\/div>\n\t\t\t\t<\/div>\n\t\t\t\t\t<\/div>\n\t\t<\/div>\n\t\t\t\t<div class=\"elementor-column elementor-col-50 elementor-top-column elementor-element elementor-element-4fce590b\" data-id=\"4fce590b\" data-element_type=\"column\">\n\t\t\t<div class=\"elementor-widget-wrap elementor-element-populated\">\n\t\t\t\t\t\t<div class=\"elementor-element elementor-element-66a063b2 elementor-widget elementor-widget-image\" data-id=\"66a063b2\" data-element_type=\"widget\" data-widget_type=\"image.default\">\n\t\t\t\t<div class=\"elementor-widget-container\">\n\t\t\t\t\t\t\t\t\t\t\t\t<figure class=\"wp-caption\">\n\t\t\t\t\t\t\t\t\t\t<img decoding=\"async\" width=\"225\" height=\"300\" data-src=\"https:\/\/unsuisseamallorca.com\/wp-content\/uploads\/2024\/10\/IMG_5607-225x300.jpeg\" class=\"elementor-animation-grow attachment-medium size-medium wp-image-27270 lazyload\" alt=\"\" data-srcset=\"https:\/\/unsuisseamallorca.com\/wp-content\/uploads\/2024\/10\/IMG_5607-225x300.jpeg 225w, https:\/\/unsuisseamallorca.com\/wp-content\/uploads\/2024\/10\/IMG_5607-768x1024.jpeg 768w, https:\/\/unsuisseamallorca.com\/wp-content\/uploads\/2024\/10\/IMG_5607-1152x1536.jpeg 1152w, https:\/\/unsuisseamallorca.com\/wp-content\/uploads\/2024\/10\/IMG_5607.jpeg 1536w\" data-sizes=\"(max-width: 225px) 100vw, 225px\" src=\"data:image\/svg+xml;base64,PHN2ZyB3aWR0aD0iMSIgaGVpZ2h0PSIxIiB4bWxucz0iaHR0cDovL3d3dy53My5vcmcvMjAwMC9zdmciPjwvc3ZnPg==\" style=\"--smush-placeholder-width: 225px; --smush-placeholder-aspect-ratio: 225\/300;\" \/>\t\t\t\t\t\t\t\t\t\t\t<figcaption class=\"widget-image-caption wp-caption-text\"><\/figcaption>\n\t\t\t\t\t\t\t\t\t\t<\/figure>\n\t\t\t\t\t\t\t\t\t<\/div>\n\t\t\t\t<\/div>\n\t\t\t\t<div class=\"elementor-element elementor-element-ebe710c elementor-widget elementor-widget-text-editor\" data-id=\"ebe710c\" data-element_type=\"widget\" data-widget_type=\"text-editor.default\">\n\t\t\t\t<div class=\"elementor-widget-container\">\n\t\t\t\t\t\t\t\t\t<h3><em>En\u00a0<span class=\"asl_single_highlighted\">Juin<\/span>\u00a0\u00e0 Majorque, l\u2019\u00e9t\u00e9 est d\u00e9j\u00e0 l\u00e0. Pas encore mordant comme il le sera en juillet et ao\u00fbt, mais il s\u2019affirme doucement. Il est enfin temps de sortir les maillots de bain, les chapeaux de paille, les sandales et la cr\u00e8me solaire. Mais que faire en\u00a0<span class=\"asl_single_highlighted\">juin<\/span>\u00a0\u00e0 Majorque en dehors de profiter de la mer ?<\/em><\/h3><h3 class=\"wp-block-heading\"><strong>Profitez de la fra\u00eecheur des terrasses et des roof tops\u00a0<\/strong><\/h3><p>Il est temps de vivre exclusivement en ext\u00e9rieur et de boire votre cocktail \u00e0 la lueur des \u00e9toiles. En ville ou en bord de mer, ou les 2 \u00e0 la fois, nous avons la chance \u00e0 Colonia Sant Jordi d&rsquo;en avoir quelques uns pour passer une apr\u00e8s-midi ou une soir\u00e9e festive.<\/p><h3 class=\"wp-block-heading\"><strong>D\u00e9couvrez les ch\u00e2teaux et les possesions de Majorque<\/strong><\/h3><p>Les ch\u00e2teaux et les manoirs ne manquent pas \u00e0 Majorque. Il y a ceux qui sont encore meubl\u00e9s et dont l\u2019atmosph\u00e8re rappelle les si\u00e8cles pass\u00e9s, ceux qui sont en ruine, certains transform\u00e9s en mus\u00e9e et d\u2019autres encore habit\u00e9s. Tous rassembl\u00e9s sous un m\u00eame embl\u00e8me, celui de la richesse culturelle de Majorque.<\/p><h4 class=\"wp-block-heading\"><strong>Els Calderers<\/strong><\/h4><p>Un magnifique manoir vers le village de Sant Joan, au pied de l\u2019ermitage de Bonany, o\u00f9 vous pourrez d\u00e9couvrir tous les aspects de la vie d\u2019une grande propri\u00e9t\u00e9 majorquine jusqu\u2019au XIX\u00ba si\u00e8cle.<\/p><h4 class=\"wp-block-heading\"><strong>Le ch\u00e2teau de Capdepera<\/strong><\/h4><p>Construite au XIV\u00ba si\u00e8cle \u00e0 la demande du roi Jaume II, fils du conqu\u00e9rant de Majorque Jaume I, cette enceinte fortifi\u00e9e domine, du haut de sa colline, le village de Capdepera \u00e0 L\u2019Est de l\u2019\u00eele. Un parcours document\u00e9 vous permettra d\u2019en comprendre toute l\u2019importance dans l\u2019Histoire de Majorque.<\/p><h4 class=\"wp-block-heading\"><strong>Le domaine d\u2019Alfabi<\/strong>\u00e0<\/h4><p>On dit que la reine Isabelle II d&rsquo;Espagne y s\u00e9journa. Cette<a href=\"https:\/\/www.jardinesdealfabia.com\/\" target=\"_blank\" rel=\"noopener\">\u00a0possession\u00a0<\/a>de la Serra de Tramuntana, situ\u00e9e juste avant le tunnel de S\u00f3ller,\u00a0 poss\u00e8de de splendides jardins et une b\u00e2tisse document\u00e9s depuis la domination arabe. Gothique, Renaissance, Romantisme et Baroque s\u2019y m\u00e9langent en parfaite harmonie.<\/p><h4 class=\"wp-block-heading\"><strong>Son Marroig, Possesion de la Serra de Tramuntana<\/strong><\/h4><p>Cette possession de la Serra de Tramuntana pr\u00e8s de Dei\u00e0 a appartenu \u00e0\u00a0<strong>l\u2019archiduc Lluis Salvador d\u2019Autriche<\/strong>. Transform\u00e9 en mus\u00e9e en 1922 dans le but de pr\u00e9server et promouvoir la figure embl\u00e9matique de l&rsquo;archiduc, personnage fondamental de l&rsquo;histoire culturelle et \u00e9conomique de Majorque. Vous pourrez ensuite descendre jusqu\u2019\u00e0 la plage en contrebas, en m\u00e9nageant vos forces car la remont\u00e9e est plut\u00f4t ardue.<\/p><h4 class=\"wp-block-heading\"><strong>Le ch\u00e2teau de Santueri\u00a0<\/strong><\/h4><p>Un des 3 ch\u00e2teaux-forts de Majorque avec\u00a0<a title=\"\" href=\"https:\/\/piafmajorque.es\/guide-voyageur\/visites-et-incontournables\/sa-bastida-castell-alaro\/\">le ch\u00e2teau d\u2019Alar\u00f3<\/a>\u00a0et celui\u00a0<strong>del Rei \u00e0 Pollen\u00e7a,<\/strong> il est situ\u00e9 au sud de Majorque, dans la municipalit\u00e9 de Felanitx. Il se dresse sur la montagne qui porte son nom \u00e0 475 m d&rsquo;altitude, une enclave strat\u00e9gique qui lui conf\u00e8re une large vue sur l&rsquo;\u00eele et le littoral.<\/p><p>Juin est une p\u00e9riode vibrante o\u00f9 les rues s&rsquo;animent de festivit\u00e9s traditionnelles, de danses, de musique et de d\u00e9lices culinaires. Si vous \u00eates\u00a0 un visiteur avide de d\u00e9couvrir la culture authentique de Majorque, vous serez enchant\u00e9 par la diversit\u00e9 des f\u00eates et des foires qui se d\u00e9roulent tout au long de ce mois estival, dans <strong>les f\u00eates et foires <\/strong>vous pourrez vous immerger dans l&rsquo;atmosph\u00e8re chaleureuse et conviviale de l&rsquo;\u00eele.<\/p><h3 class=\"wp-block-heading\"><strong>La foire nocturne de la pomme de terre \u00e0 Sa Pobla<\/strong><\/h3><p>Au d\u00e9but du mois de\u00a0<span class=\"asl_single_highlighted\">juin<\/span>,\u00a0<a href=\"https:\/\/piafmajorque.es\/guide-voyageur\/villes-villages\/buger-campanet-sa-pobla\/\">Sa Pobla<\/a> f\u00eate la pomme de terre. Les pommes de terre cultiv\u00e9es \u00e0 Sa Pobla sont connues des palais les plus raffin\u00e9s non seulement \u00e0 Majorque, mais aussi dans des pays comme l&rsquo;Allemagne, la Hollande et la Su\u00e8de, o\u00f9 elles sont export\u00e9es.\u00a0Cette ann\u00e9e,\u00a0<strong>la foire se d\u00e9roulera les 7 et 8\u00a0<span class=\"asl_single_highlighted\">juin<\/span>\u00a0<\/strong>sur la Plaza Mayor de Sa Pobla. Lors de cet \u00e9v\u00e9nement gastronomique, vous pourrez d\u00e9guster des plats nombreux et vari\u00e9s pr\u00e9par\u00e9s par les bars et les restaurants de la ville et dont l&rsquo;ingr\u00e9dient principal est la pomme de terre.<\/p><h3 class=\"wp-block-heading\"><strong>La foire de l&rsquo;abricot \u00e0 Porreres<\/strong><\/h3><p>Cette ann\u00e9e, elle a lieu<strong>\u00a0le 15 juin.\u00a0<\/strong>Porreres pr\u00e9voit de r\u00e9colter 15 tonnes d&rsquo;abricots cette ann\u00e9e ! 3 vari\u00e9t\u00e9s sont \u00e0 l&rsquo;honneur,le\u00a0<strong><em>primarenc<\/em>,<\/strong>\u00a0le\u00a0<em><strong>roja palabra<\/strong><\/em>\u00a0et le\u00a0<em><strong>rojo carlet<\/strong><\/em>. Si vous \u00eates fan de ce petit fruit sucr\u00e9 et juteux, ne manquez pas cette journ\u00e9e o\u00f9 entre danses, d\u00e9gustation de produits d\u00e9riv\u00e9s de l&rsquo;abricot et ateliers pour les enfants, vous pourrez remplir votre panier.<span class=\"ezoic-ad ezoic-at-0 large-leaderboard-2 large-leaderboard-2913 adtester-container adtester-container-913\" data-ez-name=\"piafmajorque_es-large-leaderboard-2\"><span id=\"div-gpt-ad-piafmajorque_es-large-leaderboard-2-0\" class=\"ezoic-ad\" data-google-query-id=\"CODkyOuMpIkDFRaLgwcdjBYpCA\"><\/span><span class=\"reportline\" data-nosnippet=\"\" data-ez-ph-owner-id=\"913\"><span class=\"ezoicwhat\"><img decoding=\"async\" title=\"ezoic\" data-src=\"https:\/\/go.ezodn.com\/utilcave_com\/ezoicbwa.png\" alt=\"Ezoic\" name=\"?pageview_id=071ef66e-d9d4-4885-42f9-6739098d4838&amp;ad_position_id=913&amp;impression_group_id=piafmajorque_es-large-leaderboard-2\/2024-10-23\/479956900272061&amp;ad_size=300x250&amp;domain_id=428472&amp;url=https:\/\/piafmajorque.es\/?s=juin&amp;asl_active=1&amp;p_asl_data=1&amp;customset%25255B%25255D&amp;customset%25255B%25255D&amp;asl_gen%25255B%25255D&amp;asl_gen%25255B%25255D&amp;asl_gen%25255B%25255D&amp;asl_gen%25255B%25255D&amp;qtranslate_lang=0&amp;filters_initial=1&amp;filters_changed=0\" src=\"data:image\/svg+xml;base64,PHN2ZyB3aWR0aD0iMSIgaGVpZ2h0PSIxIiB4bWxucz0iaHR0cDovL3d3dy53My5vcmcvMjAwMC9zdmciPjwvc3ZnPg==\" class=\"lazyload\" \/><\/span><\/span><\/span><\/p><h3 class=\"wp-block-heading\"><strong>La foire \u00e9cologique, artisanale et paysanne de Puigpunyent<\/strong><\/h3><p><strong>La gastronomie<\/strong> est l&rsquo;une des principales attractions de cette foire organis\u00e9e par la mairie de Puigpunyent, l&rsquo;Associaci\u00f3 d&rsquo;artesans i Ferians de Mallorca et Puigpunyent Viu la Natura.\u00a0Elle se tient tout au long du<strong>\u00a0week-end du 1 au 2\u00a0<span class=\"asl_single_highlighted\">juin<\/span>\u00a0<\/strong>dans\u00a0<a href=\"https:\/\/piafmajorque.es\/guide-voyageur\/villes-villages\/village-puigpunyent\/\">le village de Puigpunyent<\/a>, et propose une grande vari\u00e9t\u00e9 d&rsquo;activit\u00e9s destin\u00e9es \u00e0 tous les publics.\u00a0<a href=\"https:\/\/mallorcaglobalmag.es\/fira-de-puigpunyent-2024\/\" target=\"_blank\" rel=\"noreferrer noopener\">D\u00e9couvrez les ici<\/a>.<\/p><h3 class=\"wp-block-heading\"><strong>La foire de la chaussure \u00e0 Lloseta<\/strong><\/h3><p>Chaque ann\u00e9e,\u00a0<a href=\"https:\/\/piafmajorque.es\/guide-voyageur\/villes-villages\/village-lloseta\/\">le village de Lloseta<\/a>\u00a0rend hommage \u00e0 l&rsquo;une de ses industries traditionnelles et c\u00e9l\u00e8bre\u00a0<strong>la Foire de la chaussure et de l&rsquo;artisanat\u00a0<\/strong>du 1 au 2 juin.<\/p><p>Des dizaines d&rsquo;artisans, de cordonniers, de ma\u00eetres et d&rsquo;entreprises du secteur de toute l&rsquo;\u00eele de Majorque viennent pr\u00e9senter leur travail aux visiteurs. Vous y verrez aussi des danses et diverses activit\u00e9s.<\/p><figure class=\"wp-block-image size-full\"><figcaption class=\"wp-element-caption\"><\/figcaption><\/figure><h3 class=\"wp-block-heading\"><strong>La f\u00eate du printemps \u00e0 Manacor<\/strong><\/h3><p>Tous les ans, Manacor c\u00e9l\u00e8bre sa F\u00eate du Printemps entre fin mai et d\u00e9but juin. Cette ann\u00e9e,\u00a0<strong>la f\u00eate a d\u00e9but\u00e9 le 24 mai et durera jusqu&rsquo;au 6<\/strong>\u00a0<strong>juin. <\/strong>Pendant ces deux semaines,\u00a0<a href=\"https:\/\/piafmajorque.es\/guide-voyageur\/villes-villages\/ville-manacor\/\">la ville de Manacor<\/a>\u00a0sera remplie d&rsquo;\u00e9v\u00e9nements culturels, sportifs, gastronomiques et commerciaux. Vous y verrez aussi des danses de\u00a0<em>cossiers<\/em>.\u00a0L&rsquo;une des nouveaut\u00e9s de cette \u00e9dition sera<strong>\u00a0la foire artisanale<\/strong>, qui sera install\u00e9e sur la Pla\u00e7a des C\u00f3s et la Pla\u00e7a del Recor Rub\u00ed.<\/p><h3 class=\"wp-block-heading\"><strong>La Foire des Herbes \u00e0 Selva<\/strong><\/h3><p><a href=\"https:\/\/piafmajorque.es\/guide-voyageur\/villes-villages\/villages-mancor-selva-caimari\/\">Selva<\/a>\u00a0est le cadre de l\u2019une des foires les plus enchanteresses et myst\u00e9rieuses du panorama majorquin,<strong>\u00a0la Foire des Herbes<\/strong>. Celle-ci met \u00e0 l\u2019honneur les herbes et plantes de\u00a0<a href=\"https:\/\/piafmajorque.es\/guide-voyageur\/visites-et-incontournables\/serra-tramuntana-majorque\/\">la Serra de Tramuntana<\/a>, que les habitants de ce petit village de montagne cueillent et utilisent depuis des g\u00e9n\u00e9rations. Cette ann\u00e9e,\u00a0<strong>la f\u00eate se tiendra les 6, 7 et 8\u00a0<span class=\"asl_single_highlighted\">juin<\/span><\/strong>.<\/p><p>Herbes m\u00e9dicinales, gastronomiques, cosm\u00e9tiques et produits d\u00e9riv\u00e9s si\u00e8gent sur les diff\u00e9rents stands, tandis que le village tout entier est d\u00e9cor\u00e9 de branches, feuilles et fleurs, qui le dotent d\u2019une atmosph\u00e8re magique et \u00e9nigmatique.<\/p><h3 class=\"wp-block-heading\"><strong>La nuit de la Saint-Jean<\/strong><\/h3><p><strong>La Nuit de la Saint-Jean<\/strong>\u00a0est une f\u00eate bien connue dans de nombreuses r\u00e9gions d&rsquo;Espagne et d&rsquo;Am\u00e9rique latine, en particulier dans les endroits baln\u00e9aires. Elle se c\u00e9l\u00e8bre\u00a0<strong>la nuit du 23\u00a0<span class=\"asl_single_highlighted\">juin<\/span>\u00a0dans la plupart des villages majorquins<\/strong>.<\/p><p>Les habitants se rassemblent sur les plages pour c\u00e9l\u00e9brer le solstice d&rsquo;\u00e9t\u00e9 avec des feux de joie, des danses traditionnelles et des feux d&rsquo;artifice spectaculaires. Les festivit\u00e9s se poursuivent jusqu&rsquo;au petit matin.\u00a0Dans le centre de Palma, ainsi que sur les principales plages, vous y d\u00e9couvrirez \u00e9galement de petits march\u00e9s nocturnes.\u00a0Le jour de la Saint Jean,\u00a0<strong>le 24\u00a0<span class=\"asl_single_highlighted\">juin<\/span><\/strong>, la f\u00eate se poursuit g\u00e9n\u00e9ralement avec un festival musical en plein air.<\/p><figure class=\"wp-block-image size-full\"><figcaption class=\"wp-element-caption\"><\/figcaption><\/figure><h3 class=\"wp-block-heading\"><strong>Les f\u00eates de Sant Pere<\/strong>,\u00a0<strong>le 29\u00a0<span class=\"asl_single_highlighted\">juin<\/span><\/strong><\/h3><p>Saint Pierre, le Patron des p\u00eacheurs est c\u00e9l\u00e9br\u00e9 surtout dans les communes c\u00f4ti\u00e8res comme Port d&rsquo;Alc\u00fadia, Port de Pollen\u00e7a, Col\u00f2nia de Sant Pere et Port d&rsquo;Andratx. Ce sont des processions maritimes qui s&rsquo;invitent en bord de mer.<\/p><p><strong style=\"font-size: 19px; letter-spacing: -0.3px;\">Festes de Sant Mar\u00e7al<\/strong><\/p><p><span style=\"font-size: 19px; letter-spacing: -0.3px;\">La F\u00eate patronale de Marratx\u00ed o\u00f9 se d\u00e9roule le festival de musique rock\u00a0<\/span><strong style=\"font-size: 19px; letter-spacing: -0.3px;\">Marrockx\u00ed<\/strong><span style=\"font-size: 19px; letter-spacing: -0.3px;\">\u00a0aura lieu le 30 juin.<\/span><\/p><h3 class=\"wp-block-heading\"><strong>Faites la tourn\u00e9e des plages les plus pris\u00e9es<\/strong><\/h3><p>En\u00a0<span class=\"asl_single_highlighted\">juin<\/span>, les plages ne sont pas encore bond\u00e9es et on peut envisager d\u2019y passer une journ\u00e9e enti\u00e8re de d\u00e9tente entre baignades et bains de soleil sans craindre l\u2019insolation. C\u2019est donc un mois id\u00e9al pour profiter des plages qui seront (presque) inaccessibles en plein \u00e9t\u00e9.<\/p><h4 class=\"wp-block-heading\"><strong>Cala Llombards<\/strong><\/h4><p>Au Sud-est de Majorque, une magnifique crique de sable blanc aux eaux turquoise, la carte postale que tous les touristes adorent !<\/p><h4 class=\"wp-block-heading\"><strong>Es Trenc<\/strong><\/h4><figure class=\"wp-block-image size-full\"><figcaption class=\"wp-element-caption\"><\/figcaption><\/figure><p>la plage la plus connue et la plus photographi\u00e9e de Majorque. Victime de son succ\u00e8s, cette merveille \u00e0 l\u2019allure carib\u00e9enne se situe au sud de l\u2019\u00eele.<\/p>\t\t\t\t\t\t\t\t<\/div>\n\t\t\t\t<\/div>\n\t\t\t\t\t<\/div>\n\t\t<\/div>\n\t\t\t\t<div class=\"elementor-column elementor-col-25 elementor-top-column elementor-element elementor-element-604fd04f\" data-id=\"604fd04f\" data-element_type=\"column\">\n\t\t\t<div class=\"elementor-widget-wrap elementor-element-populated\">\n\t\t\t\t\t\t<div class=\"elementor-element elementor-element-1e25e31 elementor-widget elementor-widget-text-editor\" data-id=\"1e25e31\" data-element_type=\"widget\" data-widget_type=\"text-editor.default\">\n\t\t\t\t<div class=\"elementor-widget-container\">\n\t\t\t\t\t\t\t\t\t<h5 style=\"text-align: center;\">Ne crains pas d&rsquo;avancer lentement, crains seulement de t&rsquo;arr\u00eater. Proverbe chinois<\/h5>\t\t\t\t\t\t\t\t<\/div>\n\t\t\t\t<\/div>\n\t\t\t\t<div class=\"elementor-element elementor-element-345164b elementor-widget elementor-widget-heading\" data-id=\"345164b\" data-element_type=\"widget\" data-widget_type=\"heading.default\">\n\t\t\t\t<div class=\"elementor-widget-container\">\n\t\t\t\t\t<h3 class=\"elementor-heading-title elementor-size-default\">De Colonia Sant Jordi<\/h3>\t\t\t\t<\/div>\n\t\t\t\t<\/div>\n\t\t\t\t<div class=\"elementor-element elementor-element-f986cb0 elementor-widget elementor-widget-image\" data-id=\"f986cb0\" data-element_type=\"widget\" data-widget_type=\"image.default\">\n\t\t\t\t<div class=\"elementor-widget-container\">\n\t\t\t\t\t\t\t\t\t\t\t\t<figure class=\"wp-caption\">\n\t\t\t\t\t\t\t\t\t\t<img decoding=\"async\" width=\"225\" height=\"300\" data-src=\"https:\/\/unsuisseamallorca.com\/wp-content\/uploads\/2024\/10\/IMG_2455-225x300.jpg\" class=\"elementor-animation-grow attachment-medium size-medium wp-image-27332 lazyload\" alt=\"\" data-srcset=\"https:\/\/unsuisseamallorca.com\/wp-content\/uploads\/2024\/10\/IMG_2455-225x300.jpg 225w, https:\/\/unsuisseamallorca.com\/wp-content\/uploads\/2024\/10\/IMG_2455-768x1024.jpg 768w, https:\/\/unsuisseamallorca.com\/wp-content\/uploads\/2024\/10\/IMG_2455-1152x1536.jpg 1152w, https:\/\/unsuisseamallorca.com\/wp-content\/uploads\/2024\/10\/IMG_2455-scaled.jpg 1536w\" data-sizes=\"(max-width: 225px) 100vw, 225px\" src=\"data:image\/svg+xml;base64,PHN2ZyB3aWR0aD0iMSIgaGVpZ2h0PSIxIiB4bWxucz0iaHR0cDovL3d3dy53My5vcmcvMjAwMC9zdmciPjwvc3ZnPg==\" style=\"--smush-placeholder-width: 225px; --smush-placeholder-aspect-ratio: 225\/300;\" \/>\t\t\t\t\t\t\t\t\t\t\t<figcaption class=\"widget-image-caption wp-caption-text\"><\/figcaption>\n\t\t\t\t\t\t\t\t\t\t<\/figure>\n\t\t\t\t\t\t\t\t\t<\/div>\n\t\t\t\t<\/div>\n\t\t\t\t<div class=\"elementor-element elementor-element-b194e98 elementor-widget elementor-widget-image\" data-id=\"b194e98\" data-element_type=\"widget\" data-widget_type=\"image.default\">\n\t\t\t\t<div class=\"elementor-widget-container\">\n\t\t\t\t\t\t\t\t\t\t\t\t<figure class=\"wp-caption\">\n\t\t\t\t\t\t\t\t\t\t<img decoding=\"async\" width=\"225\" height=\"300\" data-src=\"https:\/\/unsuisseamallorca.com\/wp-content\/uploads\/2024\/10\/IMG_3047-225x300.jpg\" class=\"elementor-animation-grow attachment-medium size-medium wp-image-27266 lazyload\" alt=\"\" data-srcset=\"https:\/\/unsuisseamallorca.com\/wp-content\/uploads\/2024\/10\/IMG_3047-225x300.jpg 225w, https:\/\/unsuisseamallorca.com\/wp-content\/uploads\/2024\/10\/IMG_3047-768x1024.jpg 768w, https:\/\/unsuisseamallorca.com\/wp-content\/uploads\/2024\/10\/IMG_3047-1152x1536.jpg 1152w, https:\/\/unsuisseamallorca.com\/wp-content\/uploads\/2024\/10\/IMG_3047-scaled.jpg 1536w\" data-sizes=\"(max-width: 225px) 100vw, 225px\" src=\"data:image\/svg+xml;base64,PHN2ZyB3aWR0aD0iMSIgaGVpZ2h0PSIxIiB4bWxucz0iaHR0cDovL3d3dy53My5vcmcvMjAwMC9zdmciPjwvc3ZnPg==\" style=\"--smush-placeholder-width: 225px; --smush-placeholder-aspect-ratio: 225\/300;\" \/>\t\t\t\t\t\t\t\t\t\t\t<figcaption class=\"widget-image-caption wp-caption-text\"><\/figcaption>\n\t\t\t\t\t\t\t\t\t\t<\/figure>\n\t\t\t\t\t\t\t\t\t<\/div>\n\t\t\t\t<\/div>\n\t\t\t\t<div class=\"elementor-element elementor-element-527bc39 elementor-widget elementor-widget-image\" data-id=\"527bc39\" data-element_type=\"widget\" data-widget_type=\"image.default\">\n\t\t\t\t<div class=\"elementor-widget-container\">\n\t\t\t\t\t\t\t\t\t\t\t\t<figure class=\"wp-caption\">\n\t\t\t\t\t\t\t\t\t\t<img decoding=\"async\" width=\"225\" height=\"300\" data-src=\"https:\/\/unsuisseamallorca.com\/wp-content\/uploads\/2024\/10\/IMG_2951-225x300.jpg\" class=\"elementor-animation-grow attachment-medium size-medium wp-image-27260 lazyload\" alt=\"\" data-srcset=\"https:\/\/unsuisseamallorca.com\/wp-content\/uploads\/2024\/10\/IMG_2951-225x300.jpg 225w, https:\/\/unsuisseamallorca.com\/wp-content\/uploads\/2024\/10\/IMG_2951-768x1024.jpg 768w, https:\/\/unsuisseamallorca.com\/wp-content\/uploads\/2024\/10\/IMG_2951-1152x1536.jpg 1152w, https:\/\/unsuisseamallorca.com\/wp-content\/uploads\/2024\/10\/IMG_2951-scaled.jpg 1536w\" data-sizes=\"(max-width: 225px) 100vw, 225px\" src=\"data:image\/svg+xml;base64,PHN2ZyB3aWR0aD0iMSIgaGVpZ2h0PSIxIiB4bWxucz0iaHR0cDovL3d3dy53My5vcmcvMjAwMC9zdmciPjwvc3ZnPg==\" style=\"--smush-placeholder-width: 225px; --smush-placeholder-aspect-ratio: 225\/300;\" \/>\t\t\t\t\t\t\t\t\t\t\t<figcaption class=\"widget-image-caption wp-caption-text\"><\/figcaption>\n\t\t\t\t\t\t\t\t\t\t<\/figure>\n\t\t\t\t\t\t\t\t\t<\/div>\n\t\t\t\t<\/div>\n\t\t\t\t<div class=\"elementor-element elementor-element-c24b136 elementor-widget elementor-widget-image\" data-id=\"c24b136\" data-element_type=\"widget\" data-widget_type=\"image.default\">\n\t\t\t\t<div class=\"elementor-widget-container\">\n\t\t\t\t\t\t\t\t\t\t\t\t<figure class=\"wp-caption\">\n\t\t\t\t\t\t\t\t\t\t<img decoding=\"async\" width=\"225\" height=\"300\" data-src=\"https:\/\/unsuisseamallorca.com\/wp-content\/uploads\/2021\/07\/IMG_0061-225x300.jpg\" class=\"elementor-animation-grow attachment-medium size-medium wp-image-8419 lazyload\" alt=\"\" data-srcset=\"https:\/\/unsuisseamallorca.com\/wp-content\/uploads\/2021\/07\/IMG_0061-225x300.jpg 225w, https:\/\/unsuisseamallorca.com\/wp-content\/uploads\/2021\/07\/IMG_0061-768x1024.jpg 768w, https:\/\/unsuisseamallorca.com\/wp-content\/uploads\/2021\/07\/IMG_0061-1152x1536.jpg 1152w, https:\/\/unsuisseamallorca.com\/wp-content\/uploads\/2021\/07\/IMG_0061-1536x2048.jpg 1536w, https:\/\/unsuisseamallorca.com\/wp-content\/uploads\/2021\/07\/IMG_0061-scaled.jpg 1920w\" data-sizes=\"(max-width: 225px) 100vw, 225px\" src=\"data:image\/svg+xml;base64,PHN2ZyB3aWR0aD0iMSIgaGVpZ2h0PSIxIiB4bWxucz0iaHR0cDovL3d3dy53My5vcmcvMjAwMC9zdmciPjwvc3ZnPg==\" style=\"--smush-placeholder-width: 225px; --smush-placeholder-aspect-ratio: 225\/300;\" \/>\t\t\t\t\t\t\t\t\t\t\t<figcaption class=\"widget-image-caption wp-caption-text\"><\/figcaption>\n\t\t\t\t\t\t\t\t\t\t<\/figure>\n\t\t\t\t\t\t\t\t\t<\/div>\n\t\t\t\t<\/div>\n\t\t\t\t<div class=\"elementor-element elementor-element-9f29c79 elementor-widget elementor-widget-image\" data-id=\"9f29c79\" data-element_type=\"widget\" data-widget_type=\"image.default\">\n\t\t\t\t<div class=\"elementor-widget-container\">\n\t\t\t\t\t\t\t\t\t\t\t\t<figure class=\"wp-caption\">\n\t\t\t\t\t\t\t\t\t\t<img decoding=\"async\" width=\"233\" height=\"300\" data-src=\"https:\/\/unsuisseamallorca.com\/wp-content\/uploads\/2022\/01\/JARDINES-DE-ALFABIA-7607-400x516-1-233x300.jpg\" class=\"elementor-animation-grow attachment-medium size-medium wp-image-18389 lazyload\" alt=\"\" data-srcset=\"https:\/\/unsuisseamallorca.com\/wp-content\/uploads\/2022\/01\/JARDINES-DE-ALFABIA-7607-400x516-1-233x300.jpg 233w, https:\/\/unsuisseamallorca.com\/wp-content\/uploads\/2022\/01\/JARDINES-DE-ALFABIA-7607-400x516-1.jpg 400w\" data-sizes=\"(max-width: 233px) 100vw, 233px\" src=\"data:image\/svg+xml;base64,PHN2ZyB3aWR0aD0iMSIgaGVpZ2h0PSIxIiB4bWxucz0iaHR0cDovL3d3dy53My5vcmcvMjAwMC9zdmciPjwvc3ZnPg==\" style=\"--smush-placeholder-width: 233px; --smush-placeholder-aspect-ratio: 233\/300;\" \/>\t\t\t\t\t\t\t\t\t\t\t<figcaption class=\"widget-image-caption wp-caption-text\"><\/figcaption>\n\t\t\t\t\t\t\t\t\t\t<\/figure>\n\t\t\t\t\t\t\t\t\t<\/div>\n\t\t\t\t<\/div>\n\t\t\t\t<div class=\"elementor-element elementor-element-e083354 elementor-widget elementor-widget-image\" data-id=\"e083354\" data-element_type=\"widget\" data-widget_type=\"image.default\">\n\t\t\t\t<div class=\"elementor-widget-container\">\n\t\t\t\t\t\t\t\t\t\t\t\t<figure class=\"wp-caption\">\n\t\t\t\t\t\t\t\t\t\t<img decoding=\"async\" width=\"300\" height=\"200\" data-src=\"https:\/\/unsuisseamallorca.com\/wp-content\/uploads\/2022\/01\/DSCF1825-300x200.jpg\" class=\"elementor-animation-grow attachment-medium size-medium wp-image-9819 lazyload\" alt=\"\" data-srcset=\"https:\/\/unsuisseamallorca.com\/wp-content\/uploads\/2022\/01\/DSCF1825-300x200.jpg 300w, https:\/\/unsuisseamallorca.com\/wp-content\/uploads\/2022\/01\/DSCF1825-1024x684.jpg 1024w, https:\/\/unsuisseamallorca.com\/wp-content\/uploads\/2022\/01\/DSCF1825-768x513.jpg 768w, https:\/\/unsuisseamallorca.com\/wp-content\/uploads\/2022\/01\/DSCF1825-1536x1026.jpg 1536w, https:\/\/unsuisseamallorca.com\/wp-content\/uploads\/2022\/01\/DSCF1825-2048x1368.jpg 2048w\" data-sizes=\"(max-width: 300px) 100vw, 300px\" src=\"data:image\/svg+xml;base64,PHN2ZyB3aWR0aD0iMSIgaGVpZ2h0PSIxIiB4bWxucz0iaHR0cDovL3d3dy53My5vcmcvMjAwMC9zdmciPjwvc3ZnPg==\" style=\"--smush-placeholder-width: 300px; --smush-placeholder-aspect-ratio: 300\/200;\" \/>\t\t\t\t\t\t\t\t\t\t\t<figcaption class=\"widget-image-caption wp-caption-text\"><\/figcaption>\n\t\t\t\t\t\t\t\t\t\t<\/figure>\n\t\t\t\t\t\t\t\t\t<\/div>\n\t\t\t\t<\/div>\n\t\t\t\t<div class=\"elementor-element elementor-element-17f0c00 elementor-widget elementor-widget-image\" data-id=\"17f0c00\" data-element_type=\"widget\" data-widget_type=\"image.default\">\n\t\t\t\t<div class=\"elementor-widget-container\">\n\t\t\t\t\t\t\t\t\t\t\t\t<figure class=\"wp-caption\">\n\t\t\t\t\t\t\t\t\t\t<img decoding=\"async\" width=\"300\" height=\"225\" data-src=\"https:\/\/unsuisseamallorca.com\/wp-content\/uploads\/2022\/01\/GOPR2310-300x225.jpg\" class=\"elementor-animation-grow attachment-medium size-medium wp-image-18057 lazyload\" alt=\"\" data-srcset=\"https:\/\/unsuisseamallorca.com\/wp-content\/uploads\/2022\/01\/GOPR2310-300x225.jpg 300w, https:\/\/unsuisseamallorca.com\/wp-content\/uploads\/2022\/01\/GOPR2310-1024x768.jpg 1024w, https:\/\/unsuisseamallorca.com\/wp-content\/uploads\/2022\/01\/GOPR2310-768x576.jpg 768w, https:\/\/unsuisseamallorca.com\/wp-content\/uploads\/2022\/01\/GOPR2310-1536x1152.jpg 1536w, https:\/\/unsuisseamallorca.com\/wp-content\/uploads\/2022\/01\/GOPR2310-2048x1536.jpg 2048w\" data-sizes=\"(max-width: 300px) 100vw, 300px\" src=\"data:image\/svg+xml;base64,PHN2ZyB3aWR0aD0iMSIgaGVpZ2h0PSIxIiB4bWxucz0iaHR0cDovL3d3dy53My5vcmcvMjAwMC9zdmciPjwvc3ZnPg==\" style=\"--smush-placeholder-width: 300px; --smush-placeholder-aspect-ratio: 300\/225;\" \/>\t\t\t\t\t\t\t\t\t\t\t<figcaption class=\"widget-image-caption wp-caption-text\"><\/figcaption>\n\t\t\t\t\t\t\t\t\t\t<\/figure>\n\t\t\t\t\t\t\t\t\t<\/div>\n\t\t\t\t<\/div>\n\t\t\t\t<div class=\"elementor-element elementor-element-54fbafc elementor-widget elementor-widget-image\" data-id=\"54fbafc\" data-element_type=\"widget\" data-widget_type=\"image.default\">\n\t\t\t\t<div class=\"elementor-widget-container\">\n\t\t\t\t\t\t\t\t\t\t\t\t<figure class=\"wp-caption\">\n\t\t\t\t\t\t\t\t\t\t<img decoding=\"async\" width=\"300\" height=\"225\" data-src=\"https:\/\/unsuisseamallorca.com\/wp-content\/uploads\/2024\/10\/2423905-300x225.jpg\" class=\"elementor-animation-grow attachment-medium size-medium wp-image-27411 lazyload\" alt=\"\" data-srcset=\"https:\/\/unsuisseamallorca.com\/wp-content\/uploads\/2024\/10\/2423905-300x225.jpg 300w, https:\/\/unsuisseamallorca.com\/wp-content\/uploads\/2024\/10\/2423905-1024x768.jpg 1024w, https:\/\/unsuisseamallorca.com\/wp-content\/uploads\/2024\/10\/2423905-768x576.jpg 768w, https:\/\/unsuisseamallorca.com\/wp-content\/uploads\/2024\/10\/2423905-1536x1152.jpg 1536w, https:\/\/unsuisseamallorca.com\/wp-content\/uploads\/2024\/10\/2423905.jpg 2048w\" data-sizes=\"(max-width: 300px) 100vw, 300px\" src=\"data:image\/svg+xml;base64,PHN2ZyB3aWR0aD0iMSIgaGVpZ2h0PSIxIiB4bWxucz0iaHR0cDovL3d3dy53My5vcmcvMjAwMC9zdmciPjwvc3ZnPg==\" style=\"--smush-placeholder-width: 300px; --smush-placeholder-aspect-ratio: 300\/225;\" \/>\t\t\t\t\t\t\t\t\t\t\t<figcaption class=\"widget-image-caption wp-caption-text\"><\/figcaption>\n\t\t\t\t\t\t\t\t\t\t<\/figure>\n\t\t\t\t\t\t\t\t\t<\/div>\n\t\t\t\t<\/div>\n\t\t\t\t<div class=\"elementor-element elementor-element-3bbdc0a elementor-widget elementor-widget-image\" data-id=\"3bbdc0a\" data-element_type=\"widget\" data-widget_type=\"image.default\">\n\t\t\t\t<div class=\"elementor-widget-container\">\n\t\t\t\t\t\t\t\t\t\t\t\t<figure class=\"wp-caption\">\n\t\t\t\t\t\t\t\t\t\t<img decoding=\"async\" width=\"300\" height=\"200\" data-src=\"https:\/\/unsuisseamallorca.com\/wp-content\/uploads\/2024\/10\/1999807-300x200.jpg\" class=\"elementor-animation-grow attachment-medium size-medium wp-image-27410 lazyload\" alt=\"\" data-srcset=\"https:\/\/unsuisseamallorca.com\/wp-content\/uploads\/2024\/10\/1999807-300x200.jpg 300w, https:\/\/unsuisseamallorca.com\/wp-content\/uploads\/2024\/10\/1999807-1024x683.jpg 1024w, https:\/\/unsuisseamallorca.com\/wp-content\/uploads\/2024\/10\/1999807-768x512.jpg 768w, https:\/\/unsuisseamallorca.com\/wp-content\/uploads\/2024\/10\/1999807-1536x1024.jpg 1536w, https:\/\/unsuisseamallorca.com\/wp-content\/uploads\/2024\/10\/1999807.jpg 1920w\" data-sizes=\"(max-width: 300px) 100vw, 300px\" src=\"data:image\/svg+xml;base64,PHN2ZyB3aWR0aD0iMSIgaGVpZ2h0PSIxIiB4bWxucz0iaHR0cDovL3d3dy53My5vcmcvMjAwMC9zdmciPjwvc3ZnPg==\" style=\"--smush-placeholder-width: 300px; --smush-placeholder-aspect-ratio: 300\/200;\" \/>\t\t\t\t\t\t\t\t\t\t\t<figcaption class=\"widget-image-caption wp-caption-text\"><\/figcaption>\n\t\t\t\t\t\t\t\t\t\t<\/figure>\n\t\t\t\t\t\t\t\t\t<\/div>\n\t\t\t\t<\/div>\n\t\t\t\t<div class=\"elementor-element elementor-element-561abfc elementor-widget elementor-widget-image\" data-id=\"561abfc\" data-element_type=\"widget\" data-widget_type=\"image.default\">\n\t\t\t\t<div class=\"elementor-widget-container\">\n\t\t\t\t\t\t\t\t\t\t\t\t<figure class=\"wp-caption\">\n\t\t\t\t\t\t\t\t\t\t<img decoding=\"async\" width=\"300\" height=\"225\" data-src=\"https:\/\/unsuisseamallorca.com\/wp-content\/uploads\/2022\/01\/IMG_9566-300x225.jpg\" class=\"elementor-animation-grow attachment-medium size-medium wp-image-15283 lazyload\" alt=\"\" data-srcset=\"https:\/\/unsuisseamallorca.com\/wp-content\/uploads\/2022\/01\/IMG_9566-300x225.jpg 300w, https:\/\/unsuisseamallorca.com\/wp-content\/uploads\/2022\/01\/IMG_9566-1024x768.jpg 1024w, https:\/\/unsuisseamallorca.com\/wp-content\/uploads\/2022\/01\/IMG_9566-768x576.jpg 768w, https:\/\/unsuisseamallorca.com\/wp-content\/uploads\/2022\/01\/IMG_9566-1536x1152.jpg 1536w, https:\/\/unsuisseamallorca.com\/wp-content\/uploads\/2022\/01\/IMG_9566-2048x1536.jpg 2048w\" data-sizes=\"(max-width: 300px) 100vw, 300px\" src=\"data:image\/svg+xml;base64,PHN2ZyB3aWR0aD0iMSIgaGVpZ2h0PSIxIiB4bWxucz0iaHR0cDovL3d3dy53My5vcmcvMjAwMC9zdmciPjwvc3ZnPg==\" style=\"--smush-placeholder-width: 300px; --smush-placeholder-aspect-ratio: 300\/225;\" \/>\t\t\t\t\t\t\t\t\t\t\t<figcaption class=\"widget-image-caption wp-caption-text\"><\/figcaption>\n\t\t\t\t\t\t\t\t\t\t<\/figure>\n\t\t\t\t\t\t\t\t\t<\/div>\n\t\t\t\t<\/div>\n\t\t\t\t\t<\/div>\n\t\t<\/div>\n\t\t\t\t\t<\/div>\n\t\t<\/section>\n\t\t\t\t<\/div>\n\t\t","protected":false},"excerpt":{"rendered":"<p>Ne crains pas d&rsquo;avancer lentement, crains seulement de t&rsquo;arr\u00eater. Proverbe chinois De Colonia Sant Jordi En\u00a0Juin\u00a0\u00e0 Majorque, l\u2019\u00e9t\u00e9 est d\u00e9j\u00e0 l\u00e0. Pas encore mordant comme il le sera en juillet et ao\u00fbt, mais il s\u2019affirme doucement. Il est enfin temps de sortir les maillots de bain, les chapeaux de paille, les sandales et la cr\u00e8me [&hellip;]<\/p>\n","protected":false},"author":1,"featured_media":0,"comment_status":"open","ping_status":"open","sticky":false,"template":"","format":"standard","meta":{"ocean_post_layout":"","ocean_both_sidebars_style":"","ocean_both_sidebars_content_width":0,"ocean_both_sidebars_sidebars_width":0,"ocean_sidebar":"0","ocean_second_sidebar":"0","ocean_disable_margins":"enable","ocean_add_body_class":"","ocean_shortcode_before_top_bar":"","ocean_shortcode_after_top_bar":"","ocean_shortcode_before_header":"","ocean_shortcode_after_header":"","ocean_has_shortcode":"","ocean_shortcode_after_title":"","ocean_shortcode_before_footer_widgets":"","ocean_shortcode_after_footer_widgets":"","ocean_shortcode_before_footer_bottom":"","ocean_shortcode_after_footer_bottom":"","ocean_display_top_bar":"default","ocean_display_header":"default","ocean_header_style":"","ocean_center_header_left_menu":"0","ocean_custom_header_template":"0","ocean_custom_logo":0,"ocean_custom_retina_logo":0,"ocean_custom_logo_max_width":0,"ocean_custom_logo_tablet_max_width":0,"ocean_custom_logo_mobile_max_width":0,"ocean_custom_logo_max_height":0,"ocean_custom_logo_tablet_max_height":0,"ocean_custom_logo_mobile_max_height":0,"ocean_header_custom_menu":"0","ocean_menu_typo_font_family":"0","ocean_menu_typo_font_subset":"","ocean_menu_typo_font_size":0,"ocean_menu_typo_font_size_tablet":0,"ocean_menu_typo_font_size_mobile":0,"ocean_menu_typo_font_size_unit":"px","ocean_menu_typo_font_weight":"","ocean_menu_typo_font_weight_tablet":"","ocean_menu_typo_font_weight_mobile":"","ocean_menu_typo_transform":"","ocean_menu_typo_transform_tablet":"","ocean_menu_typo_transform_mobile":"","ocean_menu_typo_line_height":0,"ocean_menu_typo_line_height_tablet":0,"ocean_menu_typo_line_height_mobile":0,"ocean_menu_typo_line_height_unit":"","ocean_menu_typo_spacing":0,"ocean_menu_typo_spacing_tablet":0,"ocean_menu_typo_spacing_mobile":0,"ocean_menu_typo_spacing_unit":"","ocean_menu_link_color":"","ocean_menu_link_color_hover":"","ocean_menu_link_color_active":"","ocean_menu_link_background":"","ocean_menu_link_hover_background":"","ocean_menu_link_active_background":"","ocean_menu_social_links_bg":"","ocean_menu_social_hover_links_bg":"","ocean_menu_social_links_color":"","ocean_menu_social_hover_links_color":"","ocean_disable_title":"default","ocean_disable_heading":"default","ocean_post_title":"","ocean_post_subheading":"","ocean_post_title_style":"","ocean_post_title_background_color":"","ocean_post_title_background":0,"ocean_post_title_bg_image_position":"","ocean_post_title_bg_image_attachment":"","ocean_post_title_bg_image_repeat":"","ocean_post_title_bg_image_size":"","ocean_post_title_height":0,"ocean_post_title_bg_overlay":0.5,"ocean_post_title_bg_overlay_color":"","ocean_disable_breadcrumbs":"default","ocean_breadcrumbs_color":"","ocean_breadcrumbs_separator_color":"","ocean_breadcrumbs_links_color":"","ocean_breadcrumbs_links_hover_color":"","ocean_display_footer_widgets":"default","ocean_display_footer_bottom":"default","ocean_custom_footer_template":"0","ocean_post_oembed":"","ocean_post_self_hosted_media":"","ocean_post_video_embed":"","ocean_link_format":"","ocean_link_format_target":"self","ocean_quote_format":"","ocean_quote_format_link":"post","ocean_gallery_link_images":"off","ocean_gallery_id":[],"footnotes":""},"categories":[1],"tags":[],"class_list":["post-27136","post","type-post","status-publish","format-standard","hentry","category-non-classe","entry"],"yoast_head":"<!-- This site is optimized with the Yoast SEO plugin v26.4 - https:\/\/yoast.com\/wordpress\/plugins\/seo\/ -->\n<title>JUIN 2024 UN SUISSE A MAJORQUE<\/title>\n<meta name=\"robots\" content=\"index, follow, max-snippet:-1, max-image-preview:large, max-video-preview:-1\" \/>\n<link rel=\"canonical\" href=\"https:\/\/unsuisseamallorca.com\/index.php\/2024\/10\/19\/juin-2024\/\" \/>\n<meta property=\"og:locale\" content=\"fr_FR\" \/>\n<meta property=\"og:type\" content=\"article\" \/>\n<meta property=\"og:title\" content=\"JUIN 2024 UN SUISSE A MAJORQUE\" \/>\n<meta property=\"og:description\" content=\"Ne crains pas d&rsquo;avancer lentement, crains seulement de t&rsquo;arr\u00eater. Proverbe chinois De Colonia Sant Jordi En\u00a0Juin\u00a0\u00e0 Majorque, l\u2019\u00e9t\u00e9 est d\u00e9j\u00e0 l\u00e0. Pas encore mordant comme il le sera en juillet et ao\u00fbt, mais il s\u2019affirme doucement. Il est enfin temps de sortir les maillots de bain, les chapeaux de paille, les sandales et la cr\u00e8me [&hellip;]\" \/>\n<meta property=\"og:url\" content=\"https:\/\/unsuisseamallorca.com\/index.php\/2024\/10\/19\/juin-2024\/\" \/>\n<meta property=\"og:site_name\" content=\"UN SUISSE A MAJORQUE\" \/>\n<meta property=\"article:published_time\" content=\"2024-10-19T13:40:01+00:00\" \/>\n<meta property=\"article:modified_time\" content=\"2024-11-20T07:20:56+00:00\" \/>\n<meta property=\"og:image\" content=\"https:\/\/unsuisseamallorca.com\/wp-content\/uploads\/2024\/10\/IMG_3059-scaled.jpg\" \/>\n\t<meta property=\"og:image:width\" content=\"1536\" \/>\n\t<meta property=\"og:image:height\" content=\"2048\" \/>\n\t<meta property=\"og:image:type\" content=\"image\/jpeg\" \/>\n<meta name=\"author\" content=\"jaqumart\" \/>\n<meta name=\"twitter:card\" content=\"summary_large_image\" \/>\n<meta name=\"twitter:label1\" content=\"\u00c9crit par\" \/>\n\t<meta name=\"twitter:data1\" content=\"jaqumart\" \/>\n\t<meta name=\"twitter:label2\" content=\"Dur\u00e9e de lecture estim\u00e9e\" \/>\n\t<meta name=\"twitter:data2\" content=\"4 minutes\" \/>\n<script type=\"application\/ld+json\" class=\"yoast-schema-graph\">{\"@context\":\"https:\/\/schema.org\",\"@graph\":[{\"@type\":\"WebPage\",\"@id\":\"https:\/\/unsuisseamallorca.com\/index.php\/2024\/10\/19\/juin-2024\/\",\"url\":\"https:\/\/unsuisseamallorca.com\/index.php\/2024\/10\/19\/juin-2024\/\",\"name\":\"JUIN 2024 UN SUISSE A MAJORQUE\",\"isPartOf\":{\"@id\":\"https:\/\/unsuisseamallorca.com\/#website\"},\"primaryImageOfPage\":{\"@id\":\"https:\/\/unsuisseamallorca.com\/index.php\/2024\/10\/19\/juin-2024\/#primaryimage\"},\"image\":{\"@id\":\"https:\/\/unsuisseamallorca.com\/index.php\/2024\/10\/19\/juin-2024\/#primaryimage\"},\"thumbnailUrl\":\"https:\/\/unsuisseamallorca.com\/wp-content\/uploads\/2024\/10\/IMG_3059-225x300.jpg\",\"datePublished\":\"2024-10-19T13:40:01+00:00\",\"dateModified\":\"2024-11-20T07:20:56+00:00\",\"author\":{\"@id\":\"https:\/\/unsuisseamallorca.com\/#\/schema\/person\/4b6d9ad7f4cb60bfc0b970e3230bd4ee\"},\"breadcrumb\":{\"@id\":\"https:\/\/unsuisseamallorca.com\/index.php\/2024\/10\/19\/juin-2024\/#breadcrumb\"},\"inLanguage\":\"fr-FR\",\"potentialAction\":[{\"@type\":\"ReadAction\",\"target\":[\"https:\/\/unsuisseamallorca.com\/index.php\/2024\/10\/19\/juin-2024\/\"]}]},{\"@type\":\"ImageObject\",\"inLanguage\":\"fr-FR\",\"@id\":\"https:\/\/unsuisseamallorca.com\/index.php\/2024\/10\/19\/juin-2024\/#primaryimage\",\"url\":\"https:\/\/unsuisseamallorca.com\/wp-content\/uploads\/2024\/10\/IMG_3059-scaled.jpg\",\"contentUrl\":\"https:\/\/unsuisseamallorca.com\/wp-content\/uploads\/2024\/10\/IMG_3059-scaled.jpg\",\"width\":1536,\"height\":2048},{\"@type\":\"BreadcrumbList\",\"@id\":\"https:\/\/unsuisseamallorca.com\/index.php\/2024\/10\/19\/juin-2024\/#breadcrumb\",\"itemListElement\":[{\"@type\":\"ListItem\",\"position\":1,\"name\":\"Accueil\",\"item\":\"https:\/\/unsuisseamallorca.com\/\"},{\"@type\":\"ListItem\",\"position\":2,\"name\":\"JUIN 2024\"}]},{\"@type\":\"WebSite\",\"@id\":\"https:\/\/unsuisseamallorca.com\/#website\",\"url\":\"https:\/\/unsuisseamallorca.com\/\",\"name\":\"UN SUISSE A MAJORQUE\",\"description\":\"Le voyageur voit ce qu&#039;il voit, le touriste voit ce qu&#039;il est venu voir !\",\"potentialAction\":[{\"@type\":\"SearchAction\",\"target\":{\"@type\":\"EntryPoint\",\"urlTemplate\":\"https:\/\/unsuisseamallorca.com\/?s={search_term_string}\"},\"query-input\":{\"@type\":\"PropertyValueSpecification\",\"valueRequired\":true,\"valueName\":\"search_term_string\"}}],\"inLanguage\":\"fr-FR\"},{\"@type\":\"Person\",\"@id\":\"https:\/\/unsuisseamallorca.com\/#\/schema\/person\/4b6d9ad7f4cb60bfc0b970e3230bd4ee\",\"name\":\"jaqumart\",\"image\":{\"@type\":\"ImageObject\",\"inLanguage\":\"fr-FR\",\"@id\":\"https:\/\/unsuisseamallorca.com\/#\/schema\/person\/image\/\",\"url\":\"https:\/\/secure.gravatar.com\/avatar\/b2a312432414c603623802015a32792d9d5faf46d1a4592633c21e14c70c07cd?s=96&d=mm&r=g\",\"contentUrl\":\"https:\/\/secure.gravatar.com\/avatar\/b2a312432414c603623802015a32792d9d5faf46d1a4592633c21e14c70c07cd?s=96&d=mm&r=g\",\"caption\":\"jaqumart\"},\"url\":\"https:\/\/unsuisseamallorca.com\/index.php\/author\/jaqumart\/\"}]}<\/script>\n<!-- \/ Yoast SEO plugin. -->","yoast_head_json":{"title":"JUIN 2024 UN SUISSE A MAJORQUE","robots":{"index":"index","follow":"follow","max-snippet":"max-snippet:-1","max-image-preview":"max-image-preview:large","max-video-preview":"max-video-preview:-1"},"canonical":"https:\/\/unsuisseamallorca.com\/index.php\/2024\/10\/19\/juin-2024\/","og_locale":"fr_FR","og_type":"article","og_title":"JUIN 2024 UN SUISSE A MAJORQUE","og_description":"Ne crains pas d&rsquo;avancer lentement, crains seulement de t&rsquo;arr\u00eater. Proverbe chinois De Colonia Sant Jordi En\u00a0Juin\u00a0\u00e0 Majorque, l\u2019\u00e9t\u00e9 est d\u00e9j\u00e0 l\u00e0. Pas encore mordant comme il le sera en juillet et ao\u00fbt, mais il s\u2019affirme doucement. Il est enfin temps de sortir les maillots de bain, les chapeaux de paille, les sandales et la cr\u00e8me [&hellip;]","og_url":"https:\/\/unsuisseamallorca.com\/index.php\/2024\/10\/19\/juin-2024\/","og_site_name":"UN SUISSE A MAJORQUE","article_published_time":"2024-10-19T13:40:01+00:00","article_modified_time":"2024-11-20T07:20:56+00:00","og_image":[{"width":1536,"height":2048,"url":"https:\/\/unsuisseamallorca.com\/wp-content\/uploads\/2024\/10\/IMG_3059-scaled.jpg","type":"image\/jpeg"}],"author":"jaqumart","twitter_card":"summary_large_image","twitter_misc":{"\u00c9crit par":"jaqumart","Dur\u00e9e de lecture estim\u00e9e":"4 minutes"},"schema":{"@context":"https:\/\/schema.org","@graph":[{"@type":"WebPage","@id":"https:\/\/unsuisseamallorca.com\/index.php\/2024\/10\/19\/juin-2024\/","url":"https:\/\/unsuisseamallorca.com\/index.php\/2024\/10\/19\/juin-2024\/","name":"JUIN 2024 UN SUISSE A MAJORQUE","isPartOf":{"@id":"https:\/\/unsuisseamallorca.com\/#website"},"primaryImageOfPage":{"@id":"https:\/\/unsuisseamallorca.com\/index.php\/2024\/10\/19\/juin-2024\/#primaryimage"},"image":{"@id":"https:\/\/unsuisseamallorca.com\/index.php\/2024\/10\/19\/juin-2024\/#primaryimage"},"thumbnailUrl":"https:\/\/unsuisseamallorca.com\/wp-content\/uploads\/2024\/10\/IMG_3059-225x300.jpg","datePublished":"2024-10-19T13:40:01+00:00","dateModified":"2024-11-20T07:20:56+00:00","author":{"@id":"https:\/\/unsuisseamallorca.com\/#\/schema\/person\/4b6d9ad7f4cb60bfc0b970e3230bd4ee"},"breadcrumb":{"@id":"https:\/\/unsuisseamallorca.com\/index.php\/2024\/10\/19\/juin-2024\/#breadcrumb"},"inLanguage":"fr-FR","potentialAction":[{"@type":"ReadAction","target":["https:\/\/unsuisseamallorca.com\/index.php\/2024\/10\/19\/juin-2024\/"]}]},{"@type":"ImageObject","inLanguage":"fr-FR","@id":"https:\/\/unsuisseamallorca.com\/index.php\/2024\/10\/19\/juin-2024\/#primaryimage","url":"https:\/\/unsuisseamallorca.com\/wp-content\/uploads\/2024\/10\/IMG_3059-scaled.jpg","contentUrl":"https:\/\/unsuisseamallorca.com\/wp-content\/uploads\/2024\/10\/IMG_3059-scaled.jpg","width":1536,"height":2048},{"@type":"BreadcrumbList","@id":"https:\/\/unsuisseamallorca.com\/index.php\/2024\/10\/19\/juin-2024\/#breadcrumb","itemListElement":[{"@type":"ListItem","position":1,"name":"Accueil","item":"https:\/\/unsuisseamallorca.com\/"},{"@type":"ListItem","position":2,"name":"JUIN 2024"}]},{"@type":"WebSite","@id":"https:\/\/unsuisseamallorca.com\/#website","url":"https:\/\/unsuisseamallorca.com\/","name":"UN SUISSE A MAJORQUE","description":"Le voyageur voit ce qu&#039;il voit, le touriste voit ce qu&#039;il est venu voir !","potentialAction":[{"@type":"SearchAction","target":{"@type":"EntryPoint","urlTemplate":"https:\/\/unsuisseamallorca.com\/?s={search_term_string}"},"query-input":{"@type":"PropertyValueSpecification","valueRequired":true,"valueName":"search_term_string"}}],"inLanguage":"fr-FR"},{"@type":"Person","@id":"https:\/\/unsuisseamallorca.com\/#\/schema\/person\/4b6d9ad7f4cb60bfc0b970e3230bd4ee","name":"jaqumart","image":{"@type":"ImageObject","inLanguage":"fr-FR","@id":"https:\/\/unsuisseamallorca.com\/#\/schema\/person\/image\/","url":"https:\/\/secure.gravatar.com\/avatar\/b2a312432414c603623802015a32792d9d5faf46d1a4592633c21e14c70c07cd?s=96&d=mm&r=g","contentUrl":"https:\/\/secure.gravatar.com\/avatar\/b2a312432414c603623802015a32792d9d5faf46d1a4592633c21e14c70c07cd?s=96&d=mm&r=g","caption":"jaqumart"},"url":"https:\/\/unsuisseamallorca.com\/index.php\/author\/jaqumart\/"}]}},"_links":{"self":[{"href":"https:\/\/unsuisseamallorca.com\/index.php\/wp-json\/wp\/v2\/posts\/27136","targetHints":{"allow":["GET"]}}],"collection":[{"href":"https:\/\/unsuisseamallorca.com\/index.php\/wp-json\/wp\/v2\/posts"}],"about":[{"href":"https:\/\/unsuisseamallorca.com\/index.php\/wp-json\/wp\/v2\/types\/post"}],"author":[{"embeddable":true,"href":"https:\/\/unsuisseamallorca.com\/index.php\/wp-json\/wp\/v2\/users\/1"}],"replies":[{"embeddable":true,"href":"https:\/\/unsuisseamallorca.com\/index.php\/wp-json\/wp\/v2\/comments?post=27136"}],"version-history":[{"count":46,"href":"https:\/\/unsuisseamallorca.com\/index.php\/wp-json\/wp\/v2\/posts\/27136\/revisions"}],"predecessor-version":[{"id":27426,"href":"https:\/\/unsuisseamallorca.com\/index.php\/wp-json\/wp\/v2\/posts\/27136\/revisions\/27426"}],"wp:attachment":[{"href":"https:\/\/unsuisseamallorca.com\/index.php\/wp-json\/wp\/v2\/media?parent=27136"}],"wp:term":[{"taxonomy":"category","embeddable":true,"href":"https:\/\/unsuisseamallorca.com\/index.php\/wp-json\/wp\/v2\/categories?post=27136"},{"taxonomy":"post_tag","embeddable":true,"href":"https:\/\/unsuisseamallorca.com\/index.php\/wp-json\/wp\/v2\/tags?post=27136"}],"curies":[{"name":"wp","href":"https:\/\/api.w.org\/{rel}","templated":true}]}}