{"id":22185,"date":"2022-10-21T08:13:56","date_gmt":"2022-10-21T06:13:56","guid":{"rendered":"https:\/\/unsuisseamallorca.com\/?p=22185"},"modified":"2022-10-21T08:13:56","modified_gmt":"2022-10-21T06:13:56","slug":"mars-2022","status":"publish","type":"post","link":"https:\/\/unsuisseamallorca.com\/index.php\/2022\/10\/21\/mars-2022\/","title":{"rendered":"MARS 2022"},"content":{"rendered":"\t\t<div data-elementor-type=\"wp-post\" data-elementor-id=\"22185\" class=\"elementor elementor-22185\" data-elementor-post-type=\"post\">\n\t\t\t\t\t\t<section class=\"elementor-section elementor-top-section elementor-element elementor-element-572e5a49 elementor-section-content-middle elementor-section-full_width elementor-section-height-default elementor-section-height-default\" data-id=\"572e5a49\" data-element_type=\"section\" data-settings=\"{&quot;background_background&quot;:&quot;classic&quot;}\">\n\t\t\t\t\t\t<div class=\"elementor-container elementor-column-gap-no\">\n\t\t\t\t\t<div class=\"elementor-column elementor-col-25 elementor-top-column elementor-element elementor-element-57b0a6d\" data-id=\"57b0a6d\" data-element_type=\"column\">\n\t\t\t<div class=\"elementor-widget-wrap elementor-element-populated\">\n\t\t\t\t\t\t<div class=\"elementor-element elementor-element-28e4681 elementor-widget elementor-widget-text-editor\" data-id=\"28e4681\" data-element_type=\"widget\" data-widget_type=\"text-editor.default\">\n\t\t\t\t<div class=\"elementor-widget-container\">\n\t\t\t\t\t\t\t\t\t<div style=\"text-align: center;\"><strong>Que le Soleil est beau quand tout frais il se l\u00e8ve, comme une explosion nous lan\u00e7ant son bonjour ! Charles Baudelaire<\/strong><\/div>\t\t\t\t\t\t\t\t<\/div>\n\t\t\t\t<\/div>\n\t\t\t\t<div class=\"elementor-element elementor-element-45383fa9 elementor-widget elementor-widget-heading\" data-id=\"45383fa9\" data-element_type=\"widget\" data-widget_type=\"heading.default\">\n\t\t\t\t<div class=\"elementor-widget-container\">\n\t\t\t\t\t<h3 class=\"elementor-heading-title elementor-size-default\">De Colonia Sant Jordi<\/h3>\t\t\t\t<\/div>\n\t\t\t\t<\/div>\n\t\t\t\t<div class=\"elementor-element elementor-element-750aa869 elementor-widget elementor-widget-image\" data-id=\"750aa869\" data-element_type=\"widget\" data-widget_type=\"image.default\">\n\t\t\t\t<div class=\"elementor-widget-container\">\n\t\t\t\t\t\t\t\t\t\t\t\t<figure class=\"wp-caption\">\n\t\t\t\t\t\t\t\t\t\t<img fetchpriority=\"high\" decoding=\"async\" width=\"225\" height=\"300\" src=\"https:\/\/unsuisseamallorca.com\/wp-content\/uploads\/2022\/02\/IMG_3538-225x300.jpg\" class=\"elementor-animation-grow attachment-medium size-medium wp-image-21731\" alt=\"\" srcset=\"https:\/\/unsuisseamallorca.com\/wp-content\/uploads\/2022\/02\/IMG_3538-225x300.jpg 225w, https:\/\/unsuisseamallorca.com\/wp-content\/uploads\/2022\/02\/IMG_3538-768x1024.jpg 768w, https:\/\/unsuisseamallorca.com\/wp-content\/uploads\/2022\/02\/IMG_3538-1152x1536.jpg 1152w, https:\/\/unsuisseamallorca.com\/wp-content\/uploads\/2022\/02\/IMG_3538-1536x2048.jpg 1536w, https:\/\/unsuisseamallorca.com\/wp-content\/uploads\/2022\/02\/IMG_3538-scaled.jpg 1920w\" sizes=\"(max-width: 225px) 100vw, 225px\" \/>\t\t\t\t\t\t\t\t\t\t\t<figcaption class=\"widget-image-caption wp-caption-text\"><\/figcaption>\n\t\t\t\t\t\t\t\t\t\t<\/figure>\n\t\t\t\t\t\t\t\t\t<\/div>\n\t\t\t\t<\/div>\n\t\t\t\t<div class=\"elementor-element elementor-element-403190d elementor-widget elementor-widget-image\" data-id=\"403190d\" data-element_type=\"widget\" data-widget_type=\"image.default\">\n\t\t\t\t<div class=\"elementor-widget-container\">\n\t\t\t\t\t\t\t\t\t\t\t\t<figure class=\"wp-caption\">\n\t\t\t\t\t\t\t\t\t\t<img decoding=\"async\" data-src=\"https:\/\/unsuisseamallorca.com\/wp-content\/uploads\/elementor\/thumbs\/IMG_3543-scaled-pk22859vopao2fql1a6gi3mvzg93qaw36jkp45vgu4.jpg\" title=\"IMG_3543\" alt=\"IMG_3543\" class=\"elementor-animation-grow lazyload\" src=\"data:image\/svg+xml;base64,PHN2ZyB3aWR0aD0iMSIgaGVpZ2h0PSIxIiB4bWxucz0iaHR0cDovL3d3dy53My5vcmcvMjAwMC9zdmciPjwvc3ZnPg==\" style=\"--smush-placeholder-width: 300px; --smush-placeholder-aspect-ratio: 300\/230;\" \/>\t\t\t\t\t\t\t\t\t\t\t<figcaption class=\"widget-image-caption wp-caption-text\"><\/figcaption>\n\t\t\t\t\t\t\t\t\t\t<\/figure>\n\t\t\t\t\t\t\t\t\t<\/div>\n\t\t\t\t<\/div>\n\t\t\t\t<div class=\"elementor-element elementor-element-ab1d015 elementor-widget elementor-widget-image\" data-id=\"ab1d015\" data-element_type=\"widget\" data-widget_type=\"image.default\">\n\t\t\t\t<div class=\"elementor-widget-container\">\n\t\t\t\t\t\t\t\t\t\t\t\t<figure class=\"wp-caption\">\n\t\t\t\t\t\t\t\t\t\t<img decoding=\"async\" width=\"300\" height=\"225\" data-src=\"https:\/\/unsuisseamallorca.com\/wp-content\/uploads\/2022\/02\/IMG_3569-300x225.jpg\" class=\"elementor-animation-grow attachment-medium size-medium wp-image-21735 lazyload\" alt=\"\" data-srcset=\"https:\/\/unsuisseamallorca.com\/wp-content\/uploads\/2022\/02\/IMG_3569-300x225.jpg 300w, https:\/\/unsuisseamallorca.com\/wp-content\/uploads\/2022\/02\/IMG_3569-1024x768.jpg 1024w, https:\/\/unsuisseamallorca.com\/wp-content\/uploads\/2022\/02\/IMG_3569-768x576.jpg 768w, https:\/\/unsuisseamallorca.com\/wp-content\/uploads\/2022\/02\/IMG_3569-1536x1152.jpg 1536w, https:\/\/unsuisseamallorca.com\/wp-content\/uploads\/2022\/02\/IMG_3569-2048x1536.jpg 2048w, https:\/\/unsuisseamallorca.com\/wp-content\/uploads\/2022\/02\/IMG_3569-scaled.jpg 2560w\" data-sizes=\"(max-width: 300px) 100vw, 300px\" src=\"data:image\/svg+xml;base64,PHN2ZyB3aWR0aD0iMSIgaGVpZ2h0PSIxIiB4bWxucz0iaHR0cDovL3d3dy53My5vcmcvMjAwMC9zdmciPjwvc3ZnPg==\" style=\"--smush-placeholder-width: 300px; --smush-placeholder-aspect-ratio: 300\/225;\" \/>\t\t\t\t\t\t\t\t\t\t\t<figcaption class=\"widget-image-caption wp-caption-text\"><\/figcaption>\n\t\t\t\t\t\t\t\t\t\t<\/figure>\n\t\t\t\t\t\t\t\t\t<\/div>\n\t\t\t\t<\/div>\n\t\t\t\t<div class=\"elementor-element elementor-element-3398993 elementor-widget elementor-widget-image\" data-id=\"3398993\" data-element_type=\"widget\" data-widget_type=\"image.default\">\n\t\t\t\t<div class=\"elementor-widget-container\">\n\t\t\t\t\t\t\t\t\t\t\t\t<figure class=\"wp-caption\">\n\t\t\t\t\t\t\t\t\t\t<img decoding=\"async\" width=\"300\" height=\"225\" data-src=\"https:\/\/unsuisseamallorca.com\/wp-content\/uploads\/2022\/02\/DJI_0977-300x225.jpg\" class=\"elementor-animation-grow attachment-medium size-medium wp-image-21729 lazyload\" alt=\"\" data-srcset=\"https:\/\/unsuisseamallorca.com\/wp-content\/uploads\/2022\/02\/DJI_0977-300x225.jpg 300w, https:\/\/unsuisseamallorca.com\/wp-content\/uploads\/2022\/02\/DJI_0977-1024x768.jpg 1024w, https:\/\/unsuisseamallorca.com\/wp-content\/uploads\/2022\/02\/DJI_0977-768x576.jpg 768w, https:\/\/unsuisseamallorca.com\/wp-content\/uploads\/2022\/02\/DJI_0977-1536x1152.jpg 1536w, https:\/\/unsuisseamallorca.com\/wp-content\/uploads\/2022\/02\/DJI_0977-2048x1536.jpg 2048w, https:\/\/unsuisseamallorca.com\/wp-content\/uploads\/2022\/02\/DJI_0977-scaled.jpg 2560w\" data-sizes=\"(max-width: 300px) 100vw, 300px\" src=\"data:image\/svg+xml;base64,PHN2ZyB3aWR0aD0iMSIgaGVpZ2h0PSIxIiB4bWxucz0iaHR0cDovL3d3dy53My5vcmcvMjAwMC9zdmciPjwvc3ZnPg==\" style=\"--smush-placeholder-width: 300px; --smush-placeholder-aspect-ratio: 300\/225;\" \/>\t\t\t\t\t\t\t\t\t\t\t<figcaption class=\"widget-image-caption wp-caption-text\"><\/figcaption>\n\t\t\t\t\t\t\t\t\t\t<\/figure>\n\t\t\t\t\t\t\t\t\t<\/div>\n\t\t\t\t<\/div>\n\t\t\t\t\t<\/div>\n\t\t<\/div>\n\t\t\t\t<div class=\"elementor-column elementor-col-50 elementor-top-column elementor-element elementor-element-4fce590b\" data-id=\"4fce590b\" data-element_type=\"column\">\n\t\t\t<div class=\"elementor-widget-wrap elementor-element-populated\">\n\t\t\t\t\t\t<div class=\"elementor-element elementor-element-66a063b2 elementor-widget elementor-widget-image\" data-id=\"66a063b2\" data-element_type=\"widget\" data-widget_type=\"image.default\">\n\t\t\t\t<div class=\"elementor-widget-container\">\n\t\t\t\t\t\t\t\t\t\t\t\t<figure class=\"wp-caption\">\n\t\t\t\t\t\t\t\t\t\t<img decoding=\"async\" width=\"225\" height=\"300\" data-src=\"https:\/\/unsuisseamallorca.com\/wp-content\/uploads\/2022\/02\/IMG_3536-225x300.jpg\" class=\"elementor-animation-grow attachment-medium size-medium wp-image-21730 lazyload\" alt=\"\" data-srcset=\"https:\/\/unsuisseamallorca.com\/wp-content\/uploads\/2022\/02\/IMG_3536-225x300.jpg 225w, https:\/\/unsuisseamallorca.com\/wp-content\/uploads\/2022\/02\/IMG_3536-768x1024.jpg 768w, https:\/\/unsuisseamallorca.com\/wp-content\/uploads\/2022\/02\/IMG_3536-1152x1536.jpg 1152w, https:\/\/unsuisseamallorca.com\/wp-content\/uploads\/2022\/02\/IMG_3536-1536x2048.jpg 1536w, https:\/\/unsuisseamallorca.com\/wp-content\/uploads\/2022\/02\/IMG_3536-scaled.jpg 1920w\" data-sizes=\"(max-width: 225px) 100vw, 225px\" src=\"data:image\/svg+xml;base64,PHN2ZyB3aWR0aD0iMSIgaGVpZ2h0PSIxIiB4bWxucz0iaHR0cDovL3d3dy53My5vcmcvMjAwMC9zdmciPjwvc3ZnPg==\" style=\"--smush-placeholder-width: 225px; --smush-placeholder-aspect-ratio: 225\/300;\" \/>\t\t\t\t\t\t\t\t\t\t\t<figcaption class=\"widget-image-caption wp-caption-text\"><\/figcaption>\n\t\t\t\t\t\t\t\t\t\t<\/figure>\n\t\t\t\t\t\t\t\t\t<\/div>\n\t\t\t\t<\/div>\n\t\t\t\t<div class=\"elementor-element elementor-element-1d8bbbb8 elementor-widget elementor-widget-text-editor\" data-id=\"1d8bbbb8\" data-element_type=\"widget\" data-widget_type=\"text-editor.default\">\n\t\t\t\t<div class=\"elementor-widget-container\">\n\t\t\t\t\t\t\t\t\t<strong>\u00cates-vous sujet au blues hivernal ? Il parait que c&rsquo;est en f\u00e9vrier qu&rsquo;il atteint son summum, notamment \u00e0 cause du manque d&rsquo;exposition \u00e0 la lumi\u00e8re du soleil.<\/strong><br>\nC&rsquo;est vrai que depuis fin octobre, le soleil semblait avoir d\u00e9sert\u00e9 notre \u00eele. Nous avons eu un automne particuli\u00e8rement pluvieux. Les majorquins les plus \u00e2g\u00e9s se sont accord\u00e9s pour dire que jamais ils n&rsquo;avaient vu \u00e7a !\nNous avons m\u00eame eu un brouillard intense le dernier jour de 2021&#8230;. Rappel de notre beau pays Suisse.\nLe soleil, notre soleil, est revenu ! et au c\u0153ur de la saison froide, il r\u00e9chauffe nos journ\u00e9es, baigne les amandiers en fleurs de sa lumi\u00e8re et nous galvanise enfin ! Pendant ces premi\u00e8res semaines de l&rsquo;ann\u00e9e, Majorque est un havre de paix qui vous invite \u00e0 voir l&rsquo;\u00eele sous un angle diff\u00e9rent. C&rsquo;est un mois id\u00e9al, loin de la foule pour d\u00e9couvrir des villages de bord de mer et trempez les pieds dans l&rsquo;eau fra\u00eeche avant de marcher sur le sable fin. Partez vers la Tramontana o\u00f9 l&rsquo;air peut \u00eatre mordant en hiver. Plongez-vous dans la p\u00e9riode talayotique de l&rsquo;\u00eele en parcourant la randonn\u00e9e et en d\u00e9couvrant l&rsquo;histoire de l&rsquo;\u00eele.<\/span>\n\n<strong>Tout est possible \u00e0 Majorque!<\/strong>\t\t\t\t\t\t\t\t<\/div>\n\t\t\t\t<\/div>\n\t\t\t\t\t<\/div>\n\t\t<\/div>\n\t\t\t\t<div class=\"elementor-column elementor-col-25 elementor-top-column elementor-element elementor-element-604fd04f\" data-id=\"604fd04f\" data-element_type=\"column\">\n\t\t\t<div class=\"elementor-widget-wrap elementor-element-populated\">\n\t\t\t\t\t\t<div class=\"elementor-element elementor-element-1e25e31 elementor-widget elementor-widget-text-editor\" data-id=\"1e25e31\" data-element_type=\"widget\" data-widget_type=\"text-editor.default\">\n\t\t\t\t<div class=\"elementor-widget-container\">\n\t\t\t\t\t\t\t\t\t<div style=\"text-align: center;\"><strong>Que le Soleil est beau quand tout frais il se l\u00e8ve, comme une explosion nous lan\u00e7ant son bonjour ! Charles Baudelaire<\/strong><\/div>\t\t\t\t\t\t\t\t<\/div>\n\t\t\t\t<\/div>\n\t\t\t\t<div class=\"elementor-element elementor-element-345164b elementor-widget elementor-widget-heading\" data-id=\"345164b\" data-element_type=\"widget\" data-widget_type=\"heading.default\">\n\t\t\t\t<div class=\"elementor-widget-container\">\n\t\t\t\t\t<h3 class=\"elementor-heading-title elementor-size-default\">De Colonia Sant Jordi<\/h3>\t\t\t\t<\/div>\n\t\t\t\t<\/div>\n\t\t\t\t<div class=\"elementor-element elementor-element-fde5243 elementor-widget elementor-widget-image\" data-id=\"fde5243\" data-element_type=\"widget\" data-widget_type=\"image.default\">\n\t\t\t\t<div class=\"elementor-widget-container\">\n\t\t\t\t\t\t\t\t\t\t\t\t<figure class=\"wp-caption\">\n\t\t\t\t\t\t\t\t\t\t<img decoding=\"async\" width=\"225\" height=\"300\" data-src=\"https:\/\/unsuisseamallorca.com\/wp-content\/uploads\/2022\/02\/IMG_3539-225x300.jpg\" class=\"elementor-animation-grow attachment-medium size-medium wp-image-21732 lazyload\" alt=\"\" data-srcset=\"https:\/\/unsuisseamallorca.com\/wp-content\/uploads\/2022\/02\/IMG_3539-225x300.jpg 225w, https:\/\/unsuisseamallorca.com\/wp-content\/uploads\/2022\/02\/IMG_3539-768x1024.jpg 768w, https:\/\/unsuisseamallorca.com\/wp-content\/uploads\/2022\/02\/IMG_3539-1152x1536.jpg 1152w, https:\/\/unsuisseamallorca.com\/wp-content\/uploads\/2022\/02\/IMG_3539-1536x2048.jpg 1536w, https:\/\/unsuisseamallorca.com\/wp-content\/uploads\/2022\/02\/IMG_3539-scaled.jpg 1920w\" data-sizes=\"(max-width: 225px) 100vw, 225px\" src=\"data:image\/svg+xml;base64,PHN2ZyB3aWR0aD0iMSIgaGVpZ2h0PSIxIiB4bWxucz0iaHR0cDovL3d3dy53My5vcmcvMjAwMC9zdmciPjwvc3ZnPg==\" style=\"--smush-placeholder-width: 225px; --smush-placeholder-aspect-ratio: 225\/300;\" \/>\t\t\t\t\t\t\t\t\t\t\t<figcaption class=\"widget-image-caption wp-caption-text\"><\/figcaption>\n\t\t\t\t\t\t\t\t\t\t<\/figure>\n\t\t\t\t\t\t\t\t\t<\/div>\n\t\t\t\t<\/div>\n\t\t\t\t<div class=\"elementor-element elementor-element-c6ada66 elementor-widget elementor-widget-image\" data-id=\"c6ada66\" data-element_type=\"widget\" data-widget_type=\"image.default\">\n\t\t\t\t<div class=\"elementor-widget-container\">\n\t\t\t\t\t\t\t\t\t\t\t\t<figure class=\"wp-caption\">\n\t\t\t\t\t\t\t\t\t\t<img decoding=\"async\" width=\"300\" height=\"225\" data-src=\"https:\/\/unsuisseamallorca.com\/wp-content\/uploads\/2022\/02\/IMG_3561-300x225.jpg\" class=\"elementor-animation-grow attachment-medium size-medium wp-image-21734 lazyload\" alt=\"\" data-srcset=\"https:\/\/unsuisseamallorca.com\/wp-content\/uploads\/2022\/02\/IMG_3561-300x225.jpg 300w, https:\/\/unsuisseamallorca.com\/wp-content\/uploads\/2022\/02\/IMG_3561-1024x768.jpg 1024w, https:\/\/unsuisseamallorca.com\/wp-content\/uploads\/2022\/02\/IMG_3561-768x576.jpg 768w, https:\/\/unsuisseamallorca.com\/wp-content\/uploads\/2022\/02\/IMG_3561-1536x1152.jpg 1536w, https:\/\/unsuisseamallorca.com\/wp-content\/uploads\/2022\/02\/IMG_3561-2048x1536.jpg 2048w, https:\/\/unsuisseamallorca.com\/wp-content\/uploads\/2022\/02\/IMG_3561-scaled.jpg 2560w\" data-sizes=\"(max-width: 300px) 100vw, 300px\" src=\"data:image\/svg+xml;base64,PHN2ZyB3aWR0aD0iMSIgaGVpZ2h0PSIxIiB4bWxucz0iaHR0cDovL3d3dy53My5vcmcvMjAwMC9zdmciPjwvc3ZnPg==\" style=\"--smush-placeholder-width: 300px; --smush-placeholder-aspect-ratio: 300\/225;\" \/>\t\t\t\t\t\t\t\t\t\t\t<figcaption class=\"widget-image-caption wp-caption-text\"><\/figcaption>\n\t\t\t\t\t\t\t\t\t\t<\/figure>\n\t\t\t\t\t\t\t\t\t<\/div>\n\t\t\t\t<\/div>\n\t\t\t\t<div class=\"elementor-element elementor-element-010e1a9 elementor-widget elementor-widget-image\" data-id=\"010e1a9\" data-element_type=\"widget\" data-widget_type=\"image.default\">\n\t\t\t\t<div class=\"elementor-widget-container\">\n\t\t\t\t\t\t\t\t\t\t\t\t<figure class=\"wp-caption\">\n\t\t\t\t\t\t\t\t\t\t<img decoding=\"async\" width=\"300\" height=\"225\" data-src=\"https:\/\/unsuisseamallorca.com\/wp-content\/uploads\/2022\/02\/IMG_3572-300x225.jpg\" class=\"elementor-animation-grow attachment-medium size-medium wp-image-21736 lazyload\" alt=\"\" data-srcset=\"https:\/\/unsuisseamallorca.com\/wp-content\/uploads\/2022\/02\/IMG_3572-300x225.jpg 300w, https:\/\/unsuisseamallorca.com\/wp-content\/uploads\/2022\/02\/IMG_3572-1024x768.jpg 1024w, https:\/\/unsuisseamallorca.com\/wp-content\/uploads\/2022\/02\/IMG_3572-768x576.jpg 768w, https:\/\/unsuisseamallorca.com\/wp-content\/uploads\/2022\/02\/IMG_3572-1536x1152.jpg 1536w, https:\/\/unsuisseamallorca.com\/wp-content\/uploads\/2022\/02\/IMG_3572-2048x1536.jpg 2048w, https:\/\/unsuisseamallorca.com\/wp-content\/uploads\/2022\/02\/IMG_3572-scaled.jpg 2560w\" data-sizes=\"(max-width: 300px) 100vw, 300px\" src=\"data:image\/svg+xml;base64,PHN2ZyB3aWR0aD0iMSIgaGVpZ2h0PSIxIiB4bWxucz0iaHR0cDovL3d3dy53My5vcmcvMjAwMC9zdmciPjwvc3ZnPg==\" style=\"--smush-placeholder-width: 300px; --smush-placeholder-aspect-ratio: 300\/225;\" \/>\t\t\t\t\t\t\t\t\t\t\t<figcaption class=\"widget-image-caption wp-caption-text\"><\/figcaption>\n\t\t\t\t\t\t\t\t\t\t<\/figure>\n\t\t\t\t\t\t\t\t\t<\/div>\n\t\t\t\t<\/div>\n\t\t\t\t<div class=\"elementor-element elementor-element-955bf4c elementor-widget elementor-widget-image\" data-id=\"955bf4c\" data-element_type=\"widget\" data-widget_type=\"image.default\">\n\t\t\t\t<div class=\"elementor-widget-container\">\n\t\t\t\t\t\t\t\t\t\t\t\t<figure class=\"wp-caption\">\n\t\t\t\t\t\t\t\t\t\t<img decoding=\"async\" data-src=\"https:\/\/unsuisseamallorca.com\/wp-content\/uploads\/elementor\/thumbs\/IMG_3583-scaled-pk228qw61w49hgv6j1ivlg6hnbajnc9wxikv5izev0.jpg\" title=\"IMG_3583\" alt=\"IMG_3583\" class=\"elementor-animation-grow lazyload\" src=\"data:image\/svg+xml;base64,PHN2ZyB3aWR0aD0iMSIgaGVpZ2h0PSIxIiB4bWxucz0iaHR0cDovL3d3dy53My5vcmcvMjAwMC9zdmciPjwvc3ZnPg==\" style=\"--smush-placeholder-width: 300px; --smush-placeholder-aspect-ratio: 300\/230;\" \/>\t\t\t\t\t\t\t\t\t\t\t<figcaption class=\"widget-image-caption wp-caption-text\"><\/figcaption>\n\t\t\t\t\t\t\t\t\t\t<\/figure>\n\t\t\t\t\t\t\t\t\t<\/div>\n\t\t\t\t<\/div>\n\t\t\t\t\t<\/div>\n\t\t<\/div>\n\t\t\t\t\t<\/div>\n\t\t<\/section>\n\t\t\t\t<\/div>\n\t\t","protected":false},"excerpt":{"rendered":"<p>Que le Soleil est beau quand tout frais il se l\u00e8ve, comme une explosion nous lan\u00e7ant son bonjour ! Charles Baudelaire De Colonia Sant Jordi \u00cates-vous sujet au blues hivernal ? Il parait que c&rsquo;est en f\u00e9vrier qu&rsquo;il atteint son summum, notamment \u00e0 cause du manque d&rsquo;exposition \u00e0 la lumi\u00e8re du soleil. C&rsquo;est vrai que [&hellip;]<\/p>\n","protected":false},"author":1,"featured_media":0,"comment_status":"open","ping_status":"open","sticky":false,"template":"","format":"standard","meta":{"ocean_post_layout":"","ocean_both_sidebars_style":"","ocean_both_sidebars_content_width":0,"ocean_both_sidebars_sidebars_width":0,"ocean_sidebar":"0","ocean_second_sidebar":"0","ocean_disable_margins":"enable","ocean_add_body_class":"","ocean_shortcode_before_top_bar":"","ocean_shortcode_after_top_bar":"","ocean_shortcode_before_header":"","ocean_shortcode_after_header":"","ocean_has_shortcode":"","ocean_shortcode_after_title":"","ocean_shortcode_before_footer_widgets":"","ocean_shortcode_after_footer_widgets":"","ocean_shortcode_before_footer_bottom":"","ocean_shortcode_after_footer_bottom":"","ocean_display_top_bar":"default","ocean_display_header":"default","ocean_header_style":"","ocean_center_header_left_menu":"0","ocean_custom_header_template":"0","ocean_custom_logo":0,"ocean_custom_retina_logo":0,"ocean_custom_logo_max_width":0,"ocean_custom_logo_tablet_max_width":0,"ocean_custom_logo_mobile_max_width":0,"ocean_custom_logo_max_height":0,"ocean_custom_logo_tablet_max_height":0,"ocean_custom_logo_mobile_max_height":0,"ocean_header_custom_menu":"0","ocean_menu_typo_font_family":"0","ocean_menu_typo_font_subset":"","ocean_menu_typo_font_size":0,"ocean_menu_typo_font_size_tablet":0,"ocean_menu_typo_font_size_mobile":0,"ocean_menu_typo_font_size_unit":"px","ocean_menu_typo_font_weight":"","ocean_menu_typo_font_weight_tablet":"","ocean_menu_typo_font_weight_mobile":"","ocean_menu_typo_transform":"","ocean_menu_typo_transform_tablet":"","ocean_menu_typo_transform_mobile":"","ocean_menu_typo_line_height":0,"ocean_menu_typo_line_height_tablet":0,"ocean_menu_typo_line_height_mobile":0,"ocean_menu_typo_line_height_unit":"","ocean_menu_typo_spacing":0,"ocean_menu_typo_spacing_tablet":0,"ocean_menu_typo_spacing_mobile":0,"ocean_menu_typo_spacing_unit":"","ocean_menu_link_color":"","ocean_menu_link_color_hover":"","ocean_menu_link_color_active":"","ocean_menu_link_background":"","ocean_menu_link_hover_background":"","ocean_menu_link_active_background":"","ocean_menu_social_links_bg":"","ocean_menu_social_hover_links_bg":"","ocean_menu_social_links_color":"","ocean_menu_social_hover_links_color":"","ocean_disable_title":"default","ocean_disable_heading":"default","ocean_post_title":"","ocean_post_subheading":"","ocean_post_title_style":"","ocean_post_title_background_color":"","ocean_post_title_background":0,"ocean_post_title_bg_image_position":"","ocean_post_title_bg_image_attachment":"","ocean_post_title_bg_image_repeat":"","ocean_post_title_bg_image_size":"","ocean_post_title_height":0,"ocean_post_title_bg_overlay":0.5,"ocean_post_title_bg_overlay_color":"","ocean_disable_breadcrumbs":"default","ocean_breadcrumbs_color":"","ocean_breadcrumbs_separator_color":"","ocean_breadcrumbs_links_color":"","ocean_breadcrumbs_links_hover_color":"","ocean_display_footer_widgets":"default","ocean_display_footer_bottom":"default","ocean_custom_footer_template":"0","ocean_post_oembed":"","ocean_post_self_hosted_media":"","ocean_post_video_embed":"","ocean_link_format":"","ocean_link_format_target":"self","ocean_quote_format":"","ocean_quote_format_link":"post","ocean_gallery_link_images":"off","ocean_gallery_id":[],"footnotes":""},"categories":[1],"tags":[],"class_list":["post-22185","post","type-post","status-publish","format-standard","hentry","category-non-classe","entry"],"yoast_head":"<!-- This site is optimized with the Yoast SEO plugin v26.4 - https:\/\/yoast.com\/wordpress\/plugins\/seo\/ -->\n<title>MARS 2022 UN SUISSE A MAJORQUE<\/title>\n<meta name=\"robots\" content=\"index, follow, max-snippet:-1, max-image-preview:large, max-video-preview:-1\" \/>\n<link rel=\"canonical\" href=\"https:\/\/unsuisseamallorca.com\/index.php\/2022\/10\/21\/mars-2022\/\" \/>\n<meta property=\"og:locale\" content=\"fr_FR\" \/>\n<meta property=\"og:type\" content=\"article\" \/>\n<meta property=\"og:title\" content=\"MARS 2022 UN SUISSE A MAJORQUE\" \/>\n<meta property=\"og:description\" content=\"Que le Soleil est beau quand tout frais il se l\u00e8ve, comme une explosion nous lan\u00e7ant son bonjour ! Charles Baudelaire De Colonia Sant Jordi \u00cates-vous sujet au blues hivernal ? Il parait que c&rsquo;est en f\u00e9vrier qu&rsquo;il atteint son summum, notamment \u00e0 cause du manque d&rsquo;exposition \u00e0 la lumi\u00e8re du soleil. C&rsquo;est vrai que [&hellip;]\" \/>\n<meta property=\"og:url\" content=\"https:\/\/unsuisseamallorca.com\/index.php\/2022\/10\/21\/mars-2022\/\" \/>\n<meta property=\"og:site_name\" content=\"UN SUISSE A MAJORQUE\" \/>\n<meta property=\"article:published_time\" content=\"2022-10-21T06:13:56+00:00\" \/>\n<meta property=\"og:image\" content=\"https:\/\/unsuisseamallorca.com\/wp-content\/uploads\/2022\/02\/IMG_3538-225x300.jpg\" \/>\n<meta name=\"author\" content=\"jaqumart\" \/>\n<meta name=\"twitter:card\" content=\"summary_large_image\" \/>\n<meta name=\"twitter:label1\" content=\"\u00c9crit par\" \/>\n\t<meta name=\"twitter:data1\" content=\"jaqumart\" \/>\n\t<meta name=\"twitter:label2\" content=\"Dur\u00e9e de lecture estim\u00e9e\" \/>\n\t<meta name=\"twitter:data2\" content=\"4 minutes\" \/>\n<script type=\"application\/ld+json\" class=\"yoast-schema-graph\">{\"@context\":\"https:\/\/schema.org\",\"@graph\":[{\"@type\":\"WebPage\",\"@id\":\"https:\/\/unsuisseamallorca.com\/index.php\/2022\/10\/21\/mars-2022\/\",\"url\":\"https:\/\/unsuisseamallorca.com\/index.php\/2022\/10\/21\/mars-2022\/\",\"name\":\"MARS 2022 UN SUISSE A MAJORQUE\",\"isPartOf\":{\"@id\":\"https:\/\/unsuisseamallorca.com\/#website\"},\"primaryImageOfPage\":{\"@id\":\"https:\/\/unsuisseamallorca.com\/index.php\/2022\/10\/21\/mars-2022\/#primaryimage\"},\"image\":{\"@id\":\"https:\/\/unsuisseamallorca.com\/index.php\/2022\/10\/21\/mars-2022\/#primaryimage\"},\"thumbnailUrl\":\"https:\/\/unsuisseamallorca.com\/wp-content\/uploads\/2022\/02\/IMG_3538-225x300.jpg\",\"datePublished\":\"2022-10-21T06:13:56+00:00\",\"author\":{\"@id\":\"https:\/\/unsuisseamallorca.com\/#\/schema\/person\/4b6d9ad7f4cb60bfc0b970e3230bd4ee\"},\"breadcrumb\":{\"@id\":\"https:\/\/unsuisseamallorca.com\/index.php\/2022\/10\/21\/mars-2022\/#breadcrumb\"},\"inLanguage\":\"fr-FR\",\"potentialAction\":[{\"@type\":\"ReadAction\",\"target\":[\"https:\/\/unsuisseamallorca.com\/index.php\/2022\/10\/21\/mars-2022\/\"]}]},{\"@type\":\"ImageObject\",\"inLanguage\":\"fr-FR\",\"@id\":\"https:\/\/unsuisseamallorca.com\/index.php\/2022\/10\/21\/mars-2022\/#primaryimage\",\"url\":\"https:\/\/unsuisseamallorca.com\/wp-content\/uploads\/2022\/02\/IMG_3538-scaled.jpg\",\"contentUrl\":\"https:\/\/unsuisseamallorca.com\/wp-content\/uploads\/2022\/02\/IMG_3538-scaled.jpg\",\"width\":1920,\"height\":2560},{\"@type\":\"BreadcrumbList\",\"@id\":\"https:\/\/unsuisseamallorca.com\/index.php\/2022\/10\/21\/mars-2022\/#breadcrumb\",\"itemListElement\":[{\"@type\":\"ListItem\",\"position\":1,\"name\":\"Accueil\",\"item\":\"https:\/\/unsuisseamallorca.com\/\"},{\"@type\":\"ListItem\",\"position\":2,\"name\":\"MARS 2022\"}]},{\"@type\":\"WebSite\",\"@id\":\"https:\/\/unsuisseamallorca.com\/#website\",\"url\":\"https:\/\/unsuisseamallorca.com\/\",\"name\":\"UN SUISSE A MAJORQUE\",\"description\":\"Le voyageur voit ce qu&#039;il voit, le touriste voit ce qu&#039;il est venu voir !\",\"potentialAction\":[{\"@type\":\"SearchAction\",\"target\":{\"@type\":\"EntryPoint\",\"urlTemplate\":\"https:\/\/unsuisseamallorca.com\/?s={search_term_string}\"},\"query-input\":{\"@type\":\"PropertyValueSpecification\",\"valueRequired\":true,\"valueName\":\"search_term_string\"}}],\"inLanguage\":\"fr-FR\"},{\"@type\":\"Person\",\"@id\":\"https:\/\/unsuisseamallorca.com\/#\/schema\/person\/4b6d9ad7f4cb60bfc0b970e3230bd4ee\",\"name\":\"jaqumart\",\"image\":{\"@type\":\"ImageObject\",\"inLanguage\":\"fr-FR\",\"@id\":\"https:\/\/unsuisseamallorca.com\/#\/schema\/person\/image\/\",\"url\":\"https:\/\/secure.gravatar.com\/avatar\/b2a312432414c603623802015a32792d9d5faf46d1a4592633c21e14c70c07cd?s=96&d=mm&r=g\",\"contentUrl\":\"https:\/\/secure.gravatar.com\/avatar\/b2a312432414c603623802015a32792d9d5faf46d1a4592633c21e14c70c07cd?s=96&d=mm&r=g\",\"caption\":\"jaqumart\"},\"url\":\"https:\/\/unsuisseamallorca.com\/index.php\/author\/jaqumart\/\"}]}<\/script>\n<!-- \/ Yoast SEO plugin. -->","yoast_head_json":{"title":"MARS 2022 UN SUISSE A MAJORQUE","robots":{"index":"index","follow":"follow","max-snippet":"max-snippet:-1","max-image-preview":"max-image-preview:large","max-video-preview":"max-video-preview:-1"},"canonical":"https:\/\/unsuisseamallorca.com\/index.php\/2022\/10\/21\/mars-2022\/","og_locale":"fr_FR","og_type":"article","og_title":"MARS 2022 UN SUISSE A MAJORQUE","og_description":"Que le Soleil est beau quand tout frais il se l\u00e8ve, comme une explosion nous lan\u00e7ant son bonjour ! Charles Baudelaire De Colonia Sant Jordi \u00cates-vous sujet au blues hivernal ? Il parait que c&rsquo;est en f\u00e9vrier qu&rsquo;il atteint son summum, notamment \u00e0 cause du manque d&rsquo;exposition \u00e0 la lumi\u00e8re du soleil. C&rsquo;est vrai que [&hellip;]","og_url":"https:\/\/unsuisseamallorca.com\/index.php\/2022\/10\/21\/mars-2022\/","og_site_name":"UN SUISSE A MAJORQUE","article_published_time":"2022-10-21T06:13:56+00:00","og_image":[{"url":"https:\/\/unsuisseamallorca.com\/wp-content\/uploads\/2022\/02\/IMG_3538-225x300.jpg","type":"","width":"","height":""}],"author":"jaqumart","twitter_card":"summary_large_image","twitter_misc":{"\u00c9crit par":"jaqumart","Dur\u00e9e de lecture estim\u00e9e":"4 minutes"},"schema":{"@context":"https:\/\/schema.org","@graph":[{"@type":"WebPage","@id":"https:\/\/unsuisseamallorca.com\/index.php\/2022\/10\/21\/mars-2022\/","url":"https:\/\/unsuisseamallorca.com\/index.php\/2022\/10\/21\/mars-2022\/","name":"MARS 2022 UN SUISSE A MAJORQUE","isPartOf":{"@id":"https:\/\/unsuisseamallorca.com\/#website"},"primaryImageOfPage":{"@id":"https:\/\/unsuisseamallorca.com\/index.php\/2022\/10\/21\/mars-2022\/#primaryimage"},"image":{"@id":"https:\/\/unsuisseamallorca.com\/index.php\/2022\/10\/21\/mars-2022\/#primaryimage"},"thumbnailUrl":"https:\/\/unsuisseamallorca.com\/wp-content\/uploads\/2022\/02\/IMG_3538-225x300.jpg","datePublished":"2022-10-21T06:13:56+00:00","author":{"@id":"https:\/\/unsuisseamallorca.com\/#\/schema\/person\/4b6d9ad7f4cb60bfc0b970e3230bd4ee"},"breadcrumb":{"@id":"https:\/\/unsuisseamallorca.com\/index.php\/2022\/10\/21\/mars-2022\/#breadcrumb"},"inLanguage":"fr-FR","potentialAction":[{"@type":"ReadAction","target":["https:\/\/unsuisseamallorca.com\/index.php\/2022\/10\/21\/mars-2022\/"]}]},{"@type":"ImageObject","inLanguage":"fr-FR","@id":"https:\/\/unsuisseamallorca.com\/index.php\/2022\/10\/21\/mars-2022\/#primaryimage","url":"https:\/\/unsuisseamallorca.com\/wp-content\/uploads\/2022\/02\/IMG_3538-scaled.jpg","contentUrl":"https:\/\/unsuisseamallorca.com\/wp-content\/uploads\/2022\/02\/IMG_3538-scaled.jpg","width":1920,"height":2560},{"@type":"BreadcrumbList","@id":"https:\/\/unsuisseamallorca.com\/index.php\/2022\/10\/21\/mars-2022\/#breadcrumb","itemListElement":[{"@type":"ListItem","position":1,"name":"Accueil","item":"https:\/\/unsuisseamallorca.com\/"},{"@type":"ListItem","position":2,"name":"MARS 2022"}]},{"@type":"WebSite","@id":"https:\/\/unsuisseamallorca.com\/#website","url":"https:\/\/unsuisseamallorca.com\/","name":"UN SUISSE A MAJORQUE","description":"Le voyageur voit ce qu&#039;il voit, le touriste voit ce qu&#039;il est venu voir !","potentialAction":[{"@type":"SearchAction","target":{"@type":"EntryPoint","urlTemplate":"https:\/\/unsuisseamallorca.com\/?s={search_term_string}"},"query-input":{"@type":"PropertyValueSpecification","valueRequired":true,"valueName":"search_term_string"}}],"inLanguage":"fr-FR"},{"@type":"Person","@id":"https:\/\/unsuisseamallorca.com\/#\/schema\/person\/4b6d9ad7f4cb60bfc0b970e3230bd4ee","name":"jaqumart","image":{"@type":"ImageObject","inLanguage":"fr-FR","@id":"https:\/\/unsuisseamallorca.com\/#\/schema\/person\/image\/","url":"https:\/\/secure.gravatar.com\/avatar\/b2a312432414c603623802015a32792d9d5faf46d1a4592633c21e14c70c07cd?s=96&d=mm&r=g","contentUrl":"https:\/\/secure.gravatar.com\/avatar\/b2a312432414c603623802015a32792d9d5faf46d1a4592633c21e14c70c07cd?s=96&d=mm&r=g","caption":"jaqumart"},"url":"https:\/\/unsuisseamallorca.com\/index.php\/author\/jaqumart\/"}]}},"_links":{"self":[{"href":"https:\/\/unsuisseamallorca.com\/index.php\/wp-json\/wp\/v2\/posts\/22185","targetHints":{"allow":["GET"]}}],"collection":[{"href":"https:\/\/unsuisseamallorca.com\/index.php\/wp-json\/wp\/v2\/posts"}],"about":[{"href":"https:\/\/unsuisseamallorca.com\/index.php\/wp-json\/wp\/v2\/types\/post"}],"author":[{"embeddable":true,"href":"https:\/\/unsuisseamallorca.com\/index.php\/wp-json\/wp\/v2\/users\/1"}],"replies":[{"embeddable":true,"href":"https:\/\/unsuisseamallorca.com\/index.php\/wp-json\/wp\/v2\/comments?post=22185"}],"version-history":[{"count":1,"href":"https:\/\/unsuisseamallorca.com\/index.php\/wp-json\/wp\/v2\/posts\/22185\/revisions"}],"predecessor-version":[{"id":22186,"href":"https:\/\/unsuisseamallorca.com\/index.php\/wp-json\/wp\/v2\/posts\/22185\/revisions\/22186"}],"wp:attachment":[{"href":"https:\/\/unsuisseamallorca.com\/index.php\/wp-json\/wp\/v2\/media?parent=22185"}],"wp:term":[{"taxonomy":"category","embeddable":true,"href":"https:\/\/unsuisseamallorca.com\/index.php\/wp-json\/wp\/v2\/categories?post=22185"},{"taxonomy":"post_tag","embeddable":true,"href":"https:\/\/unsuisseamallorca.com\/index.php\/wp-json\/wp\/v2\/tags?post=22185"}],"curies":[{"name":"wp","href":"https:\/\/api.w.org\/{rel}","templated":true}]}}