{"id":1820,"date":"2020-01-09T10:05:06","date_gmt":"2020-01-09T09:05:06","guid":{"rendered":"https:\/\/unsuisseamallorca.com\/?p=1820"},"modified":"2020-03-28T10:34:50","modified_gmt":"2020-03-28T09:34:50","slug":"novembre-2019","status":"publish","type":"post","link":"https:\/\/unsuisseamallorca.com\/index.php\/2020\/01\/09\/novembre-2019\/","title":{"rendered":"NOVEMBRE 2019"},"content":{"rendered":"\t\t<div data-elementor-type=\"wp-post\" data-elementor-id=\"1820\" class=\"elementor elementor-1820\" data-elementor-post-type=\"post\">\n\t\t\t\t\t\t<section class=\"elementor-section elementor-top-section elementor-element elementor-element-6be0ee72 elementor-section-content-middle elementor-section-boxed elementor-section-height-default elementor-section-height-default\" data-id=\"6be0ee72\" data-element_type=\"section\" data-settings=\"{&quot;background_background&quot;:&quot;classic&quot;}\">\n\t\t\t\t\t\t<div class=\"elementor-container elementor-column-gap-no\">\n\t\t\t\t\t<div class=\"elementor-column elementor-col-33 elementor-top-column elementor-element elementor-element-64e24203\" data-id=\"64e24203\" data-element_type=\"column\">\n\t\t\t<div class=\"elementor-widget-wrap elementor-element-populated\">\n\t\t\t\t\t\t<div class=\"elementor-element elementor-element-b51b241 elementor-widget elementor-widget-text-editor\" data-id=\"b51b241\" data-element_type=\"widget\" data-widget_type=\"text-editor.default\">\n\t\t\t\t<div class=\"elementor-widget-container\">\n\t\t\t\t\t\t\t\t\t<h5 style=\"text-align: center;\">Temp\u00eates<\/h5>\t\t\t\t\t\t\t\t<\/div>\n\t\t\t\t<\/div>\n\t\t\t\t<div class=\"elementor-element elementor-element-59d266c elementor-widget elementor-widget-heading\" data-id=\"59d266c\" data-element_type=\"widget\" data-widget_type=\"heading.default\">\n\t\t\t\t<div class=\"elementor-widget-container\">\n\t\t\t\t\t<h3 class=\"elementor-heading-title elementor-size-default\">Colonia Sant Jordi<\/h3>\t\t\t\t<\/div>\n\t\t\t\t<\/div>\n\t\t\t\t<div class=\"elementor-element elementor-element-1bf51009 elementor-widget elementor-widget-image\" data-id=\"1bf51009\" data-element_type=\"widget\" data-widget_type=\"image.default\">\n\t\t\t\t<div class=\"elementor-widget-container\">\n\t\t\t\t\t\t\t\t\t\t\t\t<figure class=\"wp-caption\">\n\t\t\t\t\t\t\t\t\t\t<img fetchpriority=\"high\" decoding=\"async\" width=\"300\" height=\"200\" src=\"https:\/\/unsuisseamallorca.com\/wp-content\/uploads\/2020\/01\/IMG_8787-300x200.jpg\" class=\"elementor-animation-grow attachment-medium size-medium wp-image-1939\" alt=\"\" srcset=\"https:\/\/unsuisseamallorca.com\/wp-content\/uploads\/2020\/01\/IMG_8787-300x200.jpg 300w, https:\/\/unsuisseamallorca.com\/wp-content\/uploads\/2020\/01\/IMG_8787-1024x683.jpg 1024w, https:\/\/unsuisseamallorca.com\/wp-content\/uploads\/2020\/01\/IMG_8787-768x512.jpg 768w, https:\/\/unsuisseamallorca.com\/wp-content\/uploads\/2020\/01\/IMG_8787-1536x1024.jpg 1536w, https:\/\/unsuisseamallorca.com\/wp-content\/uploads\/2020\/01\/IMG_8787-2048x1365.jpg 2048w, https:\/\/unsuisseamallorca.com\/wp-content\/uploads\/2020\/01\/IMG_8787-scaled.jpg 2560w\" sizes=\"(max-width: 300px) 100vw, 300px\" \/>\t\t\t\t\t\t\t\t\t\t\t<figcaption class=\"widget-image-caption wp-caption-text\">Phare de Colonia Sant Jordi<\/figcaption>\n\t\t\t\t\t\t\t\t\t\t<\/figure>\n\t\t\t\t\t\t\t\t\t<\/div>\n\t\t\t\t<\/div>\n\t\t\t\t<div class=\"elementor-element elementor-element-2c32c2b5 elementor-widget elementor-widget-image\" data-id=\"2c32c2b5\" data-element_type=\"widget\" data-widget_type=\"image.default\">\n\t\t\t\t<div class=\"elementor-widget-container\">\n\t\t\t\t\t\t\t\t\t\t\t\t<figure class=\"wp-caption\">\n\t\t\t\t\t\t\t\t\t\t<img decoding=\"async\" width=\"300\" height=\"200\" data-src=\"https:\/\/unsuisseamallorca.com\/wp-content\/uploads\/2020\/01\/IMG_8818-300x200.jpg\" class=\"elementor-animation-grow attachment-medium size-medium wp-image-1940 lazyload\" alt=\"\" data-srcset=\"https:\/\/unsuisseamallorca.com\/wp-content\/uploads\/2020\/01\/IMG_8818-300x200.jpg 300w, https:\/\/unsuisseamallorca.com\/wp-content\/uploads\/2020\/01\/IMG_8818-1024x683.jpg 1024w, https:\/\/unsuisseamallorca.com\/wp-content\/uploads\/2020\/01\/IMG_8818-768x512.jpg 768w, https:\/\/unsuisseamallorca.com\/wp-content\/uploads\/2020\/01\/IMG_8818-1536x1024.jpg 1536w, https:\/\/unsuisseamallorca.com\/wp-content\/uploads\/2020\/01\/IMG_8818-2048x1365.jpg 2048w, https:\/\/unsuisseamallorca.com\/wp-content\/uploads\/2020\/01\/IMG_8818-scaled.jpg 2560w\" data-sizes=\"(max-width: 300px) 100vw, 300px\" src=\"data:image\/svg+xml;base64,PHN2ZyB3aWR0aD0iMSIgaGVpZ2h0PSIxIiB4bWxucz0iaHR0cDovL3d3dy53My5vcmcvMjAwMC9zdmciPjwvc3ZnPg==\" style=\"--smush-placeholder-width: 300px; --smush-placeholder-aspect-ratio: 300\/200;\" \/>\t\t\t\t\t\t\t\t\t\t\t<figcaption class=\"widget-image-caption wp-caption-text\">Phare de Colonia Sant Jordi<\/figcaption>\n\t\t\t\t\t\t\t\t\t\t<\/figure>\n\t\t\t\t\t\t\t\t\t<\/div>\n\t\t\t\t<\/div>\n\t\t\t\t\t<\/div>\n\t\t<\/div>\n\t\t\t\t<div class=\"elementor-column elementor-col-33 elementor-top-column elementor-element elementor-element-7e723549\" data-id=\"7e723549\" data-element_type=\"column\">\n\t\t\t<div class=\"elementor-widget-wrap elementor-element-populated\">\n\t\t\t\t\t\t<div class=\"elementor-element elementor-element-1bb95dde elementor-widget elementor-widget-image\" data-id=\"1bb95dde\" data-element_type=\"widget\" data-widget_type=\"image.default\">\n\t\t\t\t<div class=\"elementor-widget-container\">\n\t\t\t\t\t\t\t\t\t\t\t\t<figure class=\"wp-caption\">\n\t\t\t\t\t\t\t\t\t\t<img decoding=\"async\" width=\"300\" height=\"200\" data-src=\"https:\/\/unsuisseamallorca.com\/wp-content\/uploads\/2020\/01\/IMG_8859-300x200.jpg\" class=\"elementor-animation-grow attachment-medium size-medium wp-image-1941 lazyload\" alt=\"\" data-srcset=\"https:\/\/unsuisseamallorca.com\/wp-content\/uploads\/2020\/01\/IMG_8859-300x200.jpg 300w, https:\/\/unsuisseamallorca.com\/wp-content\/uploads\/2020\/01\/IMG_8859-1024x683.jpg 1024w, https:\/\/unsuisseamallorca.com\/wp-content\/uploads\/2020\/01\/IMG_8859-768x512.jpg 768w, https:\/\/unsuisseamallorca.com\/wp-content\/uploads\/2020\/01\/IMG_8859-1536x1024.jpg 1536w, https:\/\/unsuisseamallorca.com\/wp-content\/uploads\/2020\/01\/IMG_8859-2048x1365.jpg 2048w, https:\/\/unsuisseamallorca.com\/wp-content\/uploads\/2020\/01\/IMG_8859-scaled.jpg 2560w\" data-sizes=\"(max-width: 300px) 100vw, 300px\" src=\"data:image\/svg+xml;base64,PHN2ZyB3aWR0aD0iMSIgaGVpZ2h0PSIxIiB4bWxucz0iaHR0cDovL3d3dy53My5vcmcvMjAwMC9zdmciPjwvc3ZnPg==\" style=\"--smush-placeholder-width: 300px; --smush-placeholder-aspect-ratio: 300\/200;\" \/>\t\t\t\t\t\t\t\t\t\t\t<figcaption class=\"widget-image-caption wp-caption-text\">Les temp\u00eates se sont cucc\u00e9d\u00e9es<\/figcaption>\n\t\t\t\t\t\t\t\t\t\t<\/figure>\n\t\t\t\t\t\t\t\t\t<\/div>\n\t\t\t\t<\/div>\n\t\t\t\t<div class=\"elementor-element elementor-element-53e7cbbb elementor-widget elementor-widget-text-editor\" data-id=\"53e7cbbb\" data-element_type=\"widget\" data-widget_type=\"text-editor.default\">\n\t\t\t\t<div class=\"elementor-widget-container\">\n\t\t\t\t\t\t\t\t\t<p><strong>Les tornades et les intemp\u00e9ries ne sont pas rares durant cette saison \u00e0 Majorque. Les caprices de la m\u00e9t\u00e9o sont appel\u00e9s \u00abgota fr\u00eda\u00bb. Ces ph\u00e9nom\u00e8nes sont caus\u00e9s par les fluctuations de temp\u00e9rature entre la mer chaude et l\u2019air froid. Cela cr\u00e9e des nuages d\u2019orage qui se d\u00e9chargent avec de violentes averses lorsqu\u2019ils rencontrent un creux barom\u00e9trique.<\/strong><\/p><ul><li><i><b>Amelie<\/b><\/i> (1-4 novembre)<\/li><li><i><b>Bernardo<\/b><\/i> (9-11 novembre)<\/li><li><i><b>Cecilia<\/b><\/i> (18-26 novembre)<\/li><\/ul>\t\t\t\t\t\t\t\t<\/div>\n\t\t\t\t<\/div>\n\t\t\t\t\t<\/div>\n\t\t<\/div>\n\t\t\t\t<div class=\"elementor-column elementor-col-33 elementor-top-column elementor-element elementor-element-1048dbdc\" data-id=\"1048dbdc\" data-element_type=\"column\">\n\t\t\t<div class=\"elementor-widget-wrap elementor-element-populated\">\n\t\t\t\t\t\t<div class=\"elementor-element elementor-element-6eeb5bc7 elementor-widget elementor-widget-image\" data-id=\"6eeb5bc7\" data-element_type=\"widget\" data-widget_type=\"image.default\">\n\t\t\t\t<div class=\"elementor-widget-container\">\n\t\t\t\t\t\t\t\t\t\t\t\t<figure class=\"wp-caption\">\n\t\t\t\t\t\t\t\t\t\t<img decoding=\"async\" width=\"300\" height=\"200\" data-src=\"https:\/\/unsuisseamallorca.com\/wp-content\/uploads\/2020\/01\/IMG_8873-300x200.jpg\" class=\"elementor-animation-grow attachment-medium size-medium wp-image-1942 lazyload\" alt=\"\" data-srcset=\"https:\/\/unsuisseamallorca.com\/wp-content\/uploads\/2020\/01\/IMG_8873-300x200.jpg 300w, https:\/\/unsuisseamallorca.com\/wp-content\/uploads\/2020\/01\/IMG_8873-1024x683.jpg 1024w, https:\/\/unsuisseamallorca.com\/wp-content\/uploads\/2020\/01\/IMG_8873-768x512.jpg 768w, https:\/\/unsuisseamallorca.com\/wp-content\/uploads\/2020\/01\/IMG_8873-1536x1024.jpg 1536w, https:\/\/unsuisseamallorca.com\/wp-content\/uploads\/2020\/01\/IMG_8873-2048x1365.jpg 2048w, https:\/\/unsuisseamallorca.com\/wp-content\/uploads\/2020\/01\/IMG_8873-scaled.jpg 2560w\" data-sizes=\"(max-width: 300px) 100vw, 300px\" src=\"data:image\/svg+xml;base64,PHN2ZyB3aWR0aD0iMSIgaGVpZ2h0PSIxIiB4bWxucz0iaHR0cDovL3d3dy53My5vcmcvMjAwMC9zdmciPjwvc3ZnPg==\" style=\"--smush-placeholder-width: 300px; --smush-placeholder-aspect-ratio: 300\/200;\" \/>\t\t\t\t\t\t\t\t\t\t\t<figcaption class=\"widget-image-caption wp-caption-text\">Plusieurs bateaux se sont \u00e9chou\u00e9s<\/figcaption>\n\t\t\t\t\t\t\t\t\t\t<\/figure>\n\t\t\t\t\t\t\t\t\t<\/div>\n\t\t\t\t<\/div>\n\t\t\t\t<div class=\"elementor-element elementor-element-65dfc0b1 elementor-widget elementor-widget-image\" data-id=\"65dfc0b1\" data-element_type=\"widget\" data-widget_type=\"image.default\">\n\t\t\t\t<div class=\"elementor-widget-container\">\n\t\t\t\t\t\t\t\t\t\t\t\t<figure class=\"wp-caption\">\n\t\t\t\t\t\t\t\t\t\t<img decoding=\"async\" width=\"300\" height=\"225\" data-src=\"https:\/\/unsuisseamallorca.com\/wp-content\/uploads\/2020\/01\/DJI_0724-300x225.jpg\" class=\"elementor-animation-grow attachment-medium size-medium wp-image-1938 lazyload\" alt=\"\" data-srcset=\"https:\/\/unsuisseamallorca.com\/wp-content\/uploads\/2020\/01\/DJI_0724-300x225.jpg 300w, https:\/\/unsuisseamallorca.com\/wp-content\/uploads\/2020\/01\/DJI_0724-1024x768.jpg 1024w, https:\/\/unsuisseamallorca.com\/wp-content\/uploads\/2020\/01\/DJI_0724-768x576.jpg 768w, https:\/\/unsuisseamallorca.com\/wp-content\/uploads\/2020\/01\/DJI_0724-1536x1152.jpg 1536w, https:\/\/unsuisseamallorca.com\/wp-content\/uploads\/2020\/01\/DJI_0724-2048x1536.jpg 2048w, https:\/\/unsuisseamallorca.com\/wp-content\/uploads\/2020\/01\/DJI_0724-scaled.jpg 2560w\" data-sizes=\"(max-width: 300px) 100vw, 300px\" src=\"data:image\/svg+xml;base64,PHN2ZyB3aWR0aD0iMSIgaGVpZ2h0PSIxIiB4bWxucz0iaHR0cDovL3d3dy53My5vcmcvMjAwMC9zdmciPjwvc3ZnPg==\" style=\"--smush-placeholder-width: 300px; --smush-placeholder-aspect-ratio: 300\/225;\" \/>\t\t\t\t\t\t\t\t\t\t\t<figcaption class=\"widget-image-caption wp-caption-text\">Bord de mer \u00e0 Colonia          Sant Jordi<\/figcaption>\n\t\t\t\t\t\t\t\t\t\t<\/figure>\n\t\t\t\t\t\t\t\t\t<\/div>\n\t\t\t\t<\/div>\n\t\t\t\t<div class=\"elementor-element elementor-element-6ade98db elementor-widget elementor-widget-image\" data-id=\"6ade98db\" data-element_type=\"widget\" data-widget_type=\"image.default\">\n\t\t\t\t<div class=\"elementor-widget-container\">\n\t\t\t\t\t\t\t\t\t\t\t\t<figure class=\"wp-caption\">\n\t\t\t\t\t\t\t\t\t\t<img decoding=\"async\" width=\"300\" height=\"168\" data-src=\"https:\/\/unsuisseamallorca.com\/wp-content\/uploads\/2020\/01\/bd621454-0173-4e17-bb6d-76bf04ad5e32-300x168.jpg\" class=\"elementor-animation-grow attachment-medium size-medium wp-image-1944 lazyload\" alt=\"\" data-srcset=\"https:\/\/unsuisseamallorca.com\/wp-content\/uploads\/2020\/01\/bd621454-0173-4e17-bb6d-76bf04ad5e32-300x168.jpg 300w, https:\/\/unsuisseamallorca.com\/wp-content\/uploads\/2020\/01\/bd621454-0173-4e17-bb6d-76bf04ad5e32-768x431.jpg 768w, https:\/\/unsuisseamallorca.com\/wp-content\/uploads\/2020\/01\/bd621454-0173-4e17-bb6d-76bf04ad5e32.jpg 1024w\" data-sizes=\"(max-width: 300px) 100vw, 300px\" src=\"data:image\/svg+xml;base64,PHN2ZyB3aWR0aD0iMSIgaGVpZ2h0PSIxIiB4bWxucz0iaHR0cDovL3d3dy53My5vcmcvMjAwMC9zdmciPjwvc3ZnPg==\" style=\"--smush-placeholder-width: 300px; --smush-placeholder-aspect-ratio: 300\/168;\" \/>\t\t\t\t\t\t\t\t\t\t\t<figcaption class=\"widget-image-caption wp-caption-text\">Double tornade au large de Palma<\/figcaption>\n\t\t\t\t\t\t\t\t\t\t<\/figure>\n\t\t\t\t\t\t\t\t\t<\/div>\n\t\t\t\t<\/div>\n\t\t\t\t\t<\/div>\n\t\t<\/div>\n\t\t\t\t\t<\/div>\n\t\t<\/section>\n\t\t\t\t<\/div>\n\t\t","protected":false},"excerpt":{"rendered":"<p>Temp\u00eates Colonia Sant Jordi Phare de Colonia Sant Jordi Phare de Colonia Sant Jordi Les temp\u00eates se sont cucc\u00e9d\u00e9es Les tornades et les intemp\u00e9ries ne sont pas rares durant cette saison \u00e0 Majorque. Les caprices de la m\u00e9t\u00e9o sont appel\u00e9s \u00abgota fr\u00eda\u00bb. Ces ph\u00e9nom\u00e8nes sont caus\u00e9s par les fluctuations de temp\u00e9rature entre la mer chaude [&hellip;]<\/p>\n","protected":false},"author":1,"featured_media":0,"comment_status":"open","ping_status":"open","sticky":false,"template":"","format":"standard","meta":{"ocean_post_layout":"","ocean_both_sidebars_style":"","ocean_both_sidebars_content_width":0,"ocean_both_sidebars_sidebars_width":0,"ocean_sidebar":"0","ocean_second_sidebar":"0","ocean_disable_margins":"enable","ocean_add_body_class":"","ocean_shortcode_before_top_bar":"","ocean_shortcode_after_top_bar":"","ocean_shortcode_before_header":"","ocean_shortcode_after_header":"","ocean_has_shortcode":"","ocean_shortcode_after_title":"","ocean_shortcode_before_footer_widgets":"","ocean_shortcode_after_footer_widgets":"","ocean_shortcode_before_footer_bottom":"","ocean_shortcode_after_footer_bottom":"","ocean_display_top_bar":"default","ocean_display_header":"default","ocean_header_style":"","ocean_center_header_left_menu":"0","ocean_custom_header_template":"0","ocean_custom_logo":0,"ocean_custom_retina_logo":0,"ocean_custom_logo_max_width":0,"ocean_custom_logo_tablet_max_width":0,"ocean_custom_logo_mobile_max_width":0,"ocean_custom_logo_max_height":0,"ocean_custom_logo_tablet_max_height":0,"ocean_custom_logo_mobile_max_height":0,"ocean_header_custom_menu":"0","ocean_menu_typo_font_family":"0","ocean_menu_typo_font_subset":"","ocean_menu_typo_font_size":0,"ocean_menu_typo_font_size_tablet":0,"ocean_menu_typo_font_size_mobile":0,"ocean_menu_typo_font_size_unit":"px","ocean_menu_typo_font_weight":"","ocean_menu_typo_font_weight_tablet":"","ocean_menu_typo_font_weight_mobile":"","ocean_menu_typo_transform":"","ocean_menu_typo_transform_tablet":"","ocean_menu_typo_transform_mobile":"","ocean_menu_typo_line_height":0,"ocean_menu_typo_line_height_tablet":0,"ocean_menu_typo_line_height_mobile":0,"ocean_menu_typo_line_height_unit":"","ocean_menu_typo_spacing":0,"ocean_menu_typo_spacing_tablet":0,"ocean_menu_typo_spacing_mobile":0,"ocean_menu_typo_spacing_unit":"","ocean_menu_link_color":"","ocean_menu_link_color_hover":"","ocean_menu_link_color_active":"","ocean_menu_link_background":"","ocean_menu_link_hover_background":"","ocean_menu_link_active_background":"","ocean_menu_social_links_bg":"","ocean_menu_social_hover_links_bg":"","ocean_menu_social_links_color":"","ocean_menu_social_hover_links_color":"","ocean_disable_title":"default","ocean_disable_heading":"default","ocean_post_title":"","ocean_post_subheading":"","ocean_post_title_style":"","ocean_post_title_background_color":"","ocean_post_title_background":0,"ocean_post_title_bg_image_position":"","ocean_post_title_bg_image_attachment":"","ocean_post_title_bg_image_repeat":"","ocean_post_title_bg_image_size":"","ocean_post_title_height":0,"ocean_post_title_bg_overlay":0.5,"ocean_post_title_bg_overlay_color":"","ocean_disable_breadcrumbs":"default","ocean_breadcrumbs_color":"","ocean_breadcrumbs_separator_color":"","ocean_breadcrumbs_links_color":"","ocean_breadcrumbs_links_hover_color":"","ocean_display_footer_widgets":"default","ocean_display_footer_bottom":"default","ocean_custom_footer_template":"0","ocean_post_oembed":"","ocean_post_self_hosted_media":"","ocean_post_video_embed":"","ocean_link_format":"","ocean_link_format_target":"self","ocean_quote_format":"","ocean_quote_format_link":"post","ocean_gallery_link_images":"off","ocean_gallery_id":[],"footnotes":""},"categories":[1],"tags":[],"class_list":["post-1820","post","type-post","status-publish","format-standard","hentry","category-non-classe","entry"],"yoast_head":"<!-- This site is optimized with the Yoast SEO plugin v26.4 - https:\/\/yoast.com\/wordpress\/plugins\/seo\/ -->\n<title>NOVEMBRE 2019 UN SUISSE A MAJORQUE<\/title>\n<meta name=\"robots\" content=\"index, follow, max-snippet:-1, max-image-preview:large, max-video-preview:-1\" \/>\n<link rel=\"canonical\" href=\"https:\/\/unsuisseamallorca.com\/index.php\/2020\/01\/09\/novembre-2019\/\" \/>\n<meta property=\"og:locale\" content=\"fr_FR\" \/>\n<meta property=\"og:type\" content=\"article\" \/>\n<meta property=\"og:title\" content=\"NOVEMBRE 2019 UN SUISSE A MAJORQUE\" \/>\n<meta property=\"og:description\" content=\"Temp\u00eates Colonia Sant Jordi Phare de Colonia Sant Jordi Phare de Colonia Sant Jordi Les temp\u00eates se sont cucc\u00e9d\u00e9es Les tornades et les intemp\u00e9ries ne sont pas rares durant cette saison \u00e0 Majorque. Les caprices de la m\u00e9t\u00e9o sont appel\u00e9s \u00abgota fr\u00eda\u00bb. Ces ph\u00e9nom\u00e8nes sont caus\u00e9s par les fluctuations de temp\u00e9rature entre la mer chaude [&hellip;]\" \/>\n<meta property=\"og:url\" content=\"https:\/\/unsuisseamallorca.com\/index.php\/2020\/01\/09\/novembre-2019\/\" \/>\n<meta property=\"og:site_name\" content=\"UN SUISSE A MAJORQUE\" \/>\n<meta property=\"article:published_time\" content=\"2020-01-09T09:05:06+00:00\" \/>\n<meta property=\"article:modified_time\" content=\"2020-03-28T09:34:50+00:00\" \/>\n<meta property=\"og:image\" content=\"https:\/\/unsuisseamallorca.com\/wp-content\/uploads\/2020\/01\/IMG_8787-300x200.jpg\" \/>\n<meta name=\"author\" content=\"jaqumart\" \/>\n<meta name=\"twitter:card\" content=\"summary_large_image\" \/>\n<meta name=\"twitter:label1\" content=\"\u00c9crit par\" \/>\n\t<meta name=\"twitter:data1\" content=\"jaqumart\" \/>\n\t<meta name=\"twitter:label2\" content=\"Dur\u00e9e de lecture estim\u00e9e\" \/>\n\t<meta name=\"twitter:data2\" content=\"1 minute\" \/>\n<script type=\"application\/ld+json\" class=\"yoast-schema-graph\">{\"@context\":\"https:\/\/schema.org\",\"@graph\":[{\"@type\":\"WebPage\",\"@id\":\"https:\/\/unsuisseamallorca.com\/index.php\/2020\/01\/09\/novembre-2019\/\",\"url\":\"https:\/\/unsuisseamallorca.com\/index.php\/2020\/01\/09\/novembre-2019\/\",\"name\":\"NOVEMBRE 2019 UN SUISSE A MAJORQUE\",\"isPartOf\":{\"@id\":\"https:\/\/unsuisseamallorca.com\/#website\"},\"primaryImageOfPage\":{\"@id\":\"https:\/\/unsuisseamallorca.com\/index.php\/2020\/01\/09\/novembre-2019\/#primaryimage\"},\"image\":{\"@id\":\"https:\/\/unsuisseamallorca.com\/index.php\/2020\/01\/09\/novembre-2019\/#primaryimage\"},\"thumbnailUrl\":\"https:\/\/unsuisseamallorca.com\/wp-content\/uploads\/2020\/01\/IMG_8787-300x200.jpg\",\"datePublished\":\"2020-01-09T09:05:06+00:00\",\"dateModified\":\"2020-03-28T09:34:50+00:00\",\"author\":{\"@id\":\"https:\/\/unsuisseamallorca.com\/#\/schema\/person\/4b6d9ad7f4cb60bfc0b970e3230bd4ee\"},\"breadcrumb\":{\"@id\":\"https:\/\/unsuisseamallorca.com\/index.php\/2020\/01\/09\/novembre-2019\/#breadcrumb\"},\"inLanguage\":\"fr-FR\",\"potentialAction\":[{\"@type\":\"ReadAction\",\"target\":[\"https:\/\/unsuisseamallorca.com\/index.php\/2020\/01\/09\/novembre-2019\/\"]}]},{\"@type\":\"ImageObject\",\"inLanguage\":\"fr-FR\",\"@id\":\"https:\/\/unsuisseamallorca.com\/index.php\/2020\/01\/09\/novembre-2019\/#primaryimage\",\"url\":\"https:\/\/unsuisseamallorca.com\/wp-content\/uploads\/2020\/01\/IMG_8787-scaled.jpg\",\"contentUrl\":\"https:\/\/unsuisseamallorca.com\/wp-content\/uploads\/2020\/01\/IMG_8787-scaled.jpg\",\"width\":2560,\"height\":1707},{\"@type\":\"BreadcrumbList\",\"@id\":\"https:\/\/unsuisseamallorca.com\/index.php\/2020\/01\/09\/novembre-2019\/#breadcrumb\",\"itemListElement\":[{\"@type\":\"ListItem\",\"position\":1,\"name\":\"Accueil\",\"item\":\"https:\/\/unsuisseamallorca.com\/\"},{\"@type\":\"ListItem\",\"position\":2,\"name\":\"NOVEMBRE 2019\"}]},{\"@type\":\"WebSite\",\"@id\":\"https:\/\/unsuisseamallorca.com\/#website\",\"url\":\"https:\/\/unsuisseamallorca.com\/\",\"name\":\"UN SUISSE A MAJORQUE\",\"description\":\"Le voyageur voit ce qu&#039;il voit, le touriste voit ce qu&#039;il est venu voir !\",\"potentialAction\":[{\"@type\":\"SearchAction\",\"target\":{\"@type\":\"EntryPoint\",\"urlTemplate\":\"https:\/\/unsuisseamallorca.com\/?s={search_term_string}\"},\"query-input\":{\"@type\":\"PropertyValueSpecification\",\"valueRequired\":true,\"valueName\":\"search_term_string\"}}],\"inLanguage\":\"fr-FR\"},{\"@type\":\"Person\",\"@id\":\"https:\/\/unsuisseamallorca.com\/#\/schema\/person\/4b6d9ad7f4cb60bfc0b970e3230bd4ee\",\"name\":\"jaqumart\",\"image\":{\"@type\":\"ImageObject\",\"inLanguage\":\"fr-FR\",\"@id\":\"https:\/\/unsuisseamallorca.com\/#\/schema\/person\/image\/\",\"url\":\"https:\/\/secure.gravatar.com\/avatar\/b2a312432414c603623802015a32792d9d5faf46d1a4592633c21e14c70c07cd?s=96&d=mm&r=g\",\"contentUrl\":\"https:\/\/secure.gravatar.com\/avatar\/b2a312432414c603623802015a32792d9d5faf46d1a4592633c21e14c70c07cd?s=96&d=mm&r=g\",\"caption\":\"jaqumart\"},\"url\":\"https:\/\/unsuisseamallorca.com\/index.php\/author\/jaqumart\/\"}]}<\/script>\n<!-- \/ Yoast SEO plugin. -->","yoast_head_json":{"title":"NOVEMBRE 2019 UN SUISSE A MAJORQUE","robots":{"index":"index","follow":"follow","max-snippet":"max-snippet:-1","max-image-preview":"max-image-preview:large","max-video-preview":"max-video-preview:-1"},"canonical":"https:\/\/unsuisseamallorca.com\/index.php\/2020\/01\/09\/novembre-2019\/","og_locale":"fr_FR","og_type":"article","og_title":"NOVEMBRE 2019 UN SUISSE A MAJORQUE","og_description":"Temp\u00eates Colonia Sant Jordi Phare de Colonia Sant Jordi Phare de Colonia Sant Jordi Les temp\u00eates se sont cucc\u00e9d\u00e9es Les tornades et les intemp\u00e9ries ne sont pas rares durant cette saison \u00e0 Majorque. Les caprices de la m\u00e9t\u00e9o sont appel\u00e9s \u00abgota fr\u00eda\u00bb. Ces ph\u00e9nom\u00e8nes sont caus\u00e9s par les fluctuations de temp\u00e9rature entre la mer chaude [&hellip;]","og_url":"https:\/\/unsuisseamallorca.com\/index.php\/2020\/01\/09\/novembre-2019\/","og_site_name":"UN SUISSE A MAJORQUE","article_published_time":"2020-01-09T09:05:06+00:00","article_modified_time":"2020-03-28T09:34:50+00:00","og_image":[{"url":"https:\/\/unsuisseamallorca.com\/wp-content\/uploads\/2020\/01\/IMG_8787-300x200.jpg","type":"","width":"","height":""}],"author":"jaqumart","twitter_card":"summary_large_image","twitter_misc":{"\u00c9crit par":"jaqumart","Dur\u00e9e de lecture estim\u00e9e":"1 minute"},"schema":{"@context":"https:\/\/schema.org","@graph":[{"@type":"WebPage","@id":"https:\/\/unsuisseamallorca.com\/index.php\/2020\/01\/09\/novembre-2019\/","url":"https:\/\/unsuisseamallorca.com\/index.php\/2020\/01\/09\/novembre-2019\/","name":"NOVEMBRE 2019 UN SUISSE A MAJORQUE","isPartOf":{"@id":"https:\/\/unsuisseamallorca.com\/#website"},"primaryImageOfPage":{"@id":"https:\/\/unsuisseamallorca.com\/index.php\/2020\/01\/09\/novembre-2019\/#primaryimage"},"image":{"@id":"https:\/\/unsuisseamallorca.com\/index.php\/2020\/01\/09\/novembre-2019\/#primaryimage"},"thumbnailUrl":"https:\/\/unsuisseamallorca.com\/wp-content\/uploads\/2020\/01\/IMG_8787-300x200.jpg","datePublished":"2020-01-09T09:05:06+00:00","dateModified":"2020-03-28T09:34:50+00:00","author":{"@id":"https:\/\/unsuisseamallorca.com\/#\/schema\/person\/4b6d9ad7f4cb60bfc0b970e3230bd4ee"},"breadcrumb":{"@id":"https:\/\/unsuisseamallorca.com\/index.php\/2020\/01\/09\/novembre-2019\/#breadcrumb"},"inLanguage":"fr-FR","potentialAction":[{"@type":"ReadAction","target":["https:\/\/unsuisseamallorca.com\/index.php\/2020\/01\/09\/novembre-2019\/"]}]},{"@type":"ImageObject","inLanguage":"fr-FR","@id":"https:\/\/unsuisseamallorca.com\/index.php\/2020\/01\/09\/novembre-2019\/#primaryimage","url":"https:\/\/unsuisseamallorca.com\/wp-content\/uploads\/2020\/01\/IMG_8787-scaled.jpg","contentUrl":"https:\/\/unsuisseamallorca.com\/wp-content\/uploads\/2020\/01\/IMG_8787-scaled.jpg","width":2560,"height":1707},{"@type":"BreadcrumbList","@id":"https:\/\/unsuisseamallorca.com\/index.php\/2020\/01\/09\/novembre-2019\/#breadcrumb","itemListElement":[{"@type":"ListItem","position":1,"name":"Accueil","item":"https:\/\/unsuisseamallorca.com\/"},{"@type":"ListItem","position":2,"name":"NOVEMBRE 2019"}]},{"@type":"WebSite","@id":"https:\/\/unsuisseamallorca.com\/#website","url":"https:\/\/unsuisseamallorca.com\/","name":"UN SUISSE A MAJORQUE","description":"Le voyageur voit ce qu&#039;il voit, le touriste voit ce qu&#039;il est venu voir !","potentialAction":[{"@type":"SearchAction","target":{"@type":"EntryPoint","urlTemplate":"https:\/\/unsuisseamallorca.com\/?s={search_term_string}"},"query-input":{"@type":"PropertyValueSpecification","valueRequired":true,"valueName":"search_term_string"}}],"inLanguage":"fr-FR"},{"@type":"Person","@id":"https:\/\/unsuisseamallorca.com\/#\/schema\/person\/4b6d9ad7f4cb60bfc0b970e3230bd4ee","name":"jaqumart","image":{"@type":"ImageObject","inLanguage":"fr-FR","@id":"https:\/\/unsuisseamallorca.com\/#\/schema\/person\/image\/","url":"https:\/\/secure.gravatar.com\/avatar\/b2a312432414c603623802015a32792d9d5faf46d1a4592633c21e14c70c07cd?s=96&d=mm&r=g","contentUrl":"https:\/\/secure.gravatar.com\/avatar\/b2a312432414c603623802015a32792d9d5faf46d1a4592633c21e14c70c07cd?s=96&d=mm&r=g","caption":"jaqumart"},"url":"https:\/\/unsuisseamallorca.com\/index.php\/author\/jaqumart\/"}]}},"_links":{"self":[{"href":"https:\/\/unsuisseamallorca.com\/index.php\/wp-json\/wp\/v2\/posts\/1820","targetHints":{"allow":["GET"]}}],"collection":[{"href":"https:\/\/unsuisseamallorca.com\/index.php\/wp-json\/wp\/v2\/posts"}],"about":[{"href":"https:\/\/unsuisseamallorca.com\/index.php\/wp-json\/wp\/v2\/types\/post"}],"author":[{"embeddable":true,"href":"https:\/\/unsuisseamallorca.com\/index.php\/wp-json\/wp\/v2\/users\/1"}],"replies":[{"embeddable":true,"href":"https:\/\/unsuisseamallorca.com\/index.php\/wp-json\/wp\/v2\/comments?post=1820"}],"version-history":[{"count":8,"href":"https:\/\/unsuisseamallorca.com\/index.php\/wp-json\/wp\/v2\/posts\/1820\/revisions"}],"predecessor-version":[{"id":2040,"href":"https:\/\/unsuisseamallorca.com\/index.php\/wp-json\/wp\/v2\/posts\/1820\/revisions\/2040"}],"wp:attachment":[{"href":"https:\/\/unsuisseamallorca.com\/index.php\/wp-json\/wp\/v2\/media?parent=1820"}],"wp:term":[{"taxonomy":"category","embeddable":true,"href":"https:\/\/unsuisseamallorca.com\/index.php\/wp-json\/wp\/v2\/categories?post=1820"},{"taxonomy":"post_tag","embeddable":true,"href":"https:\/\/unsuisseamallorca.com\/index.php\/wp-json\/wp\/v2\/tags?post=1820"}],"curies":[{"name":"wp","href":"https:\/\/api.w.org\/{rel}","templated":true}]}}